{"id":3340,"date":"2025-10-19T19:34:08","date_gmt":"2025-10-19T19:34:08","guid":{"rendered":"https:\/\/bring4you.com\/blog\/?p=3340"},"modified":"2025-10-19T19:34:08","modified_gmt":"2025-10-19T19:34:08","slug":"optimisez-la-gestion-de-vos-espaces-professionnels-grace-au-garde-meuble","status":"publish","type":"post","link":"https:\/\/bring4you.com\/blog\/2025\/10\/19\/optimisez-la-gestion-de-vos-espaces-professionnels-grace-au-garde-meuble\/","title":{"rendered":"Optimisez la gestion de vos espaces professionnels gr\u00e2ce au garde-meuble"},"content":{"rendered":"<p>Dans un contexte professionnel o\u00f9 chaque m\u00e8tre carr\u00e9 compte, la location d&rsquo;un garde-meuble se r\u00e9v\u00e8le \u00eatre une solution strat\u00e9gique. Les entreprises modernes, qu&rsquo;elles soient en plein d\u00e9veloppement, en phase de transition ou en qu\u00eate d&rsquo;efficacit\u00e9, cherchent d\u00e9sormais \u00e0 rationaliser leurs espaces. Externaliser une partie du stockage devient alors un levier de performance et de flexibilit\u00e9, bien plus qu&rsquo;un simple service logistique.<\/p>\n<h2>Les atouts du garde-meuble pour les entreprises modernes<\/h2>\n<h3>S\u00e9curit\u00e9 et modularit\u00e9 : deux piliers cl\u00e9s du stockage professionnel<\/h3>\n<p>Un garde-meuble n&rsquo;est plus une simple pi\u00e8ce o\u00f9 l&rsquo;on entrepose du mobilier en attente. Aujourd&rsquo;hui, <strong>il s&rsquo;agit d&rsquo;un espace s\u00e9curis\u00e9, surveill\u00e9 en continu<\/strong>, et surtout adaptable \u00e0 vos besoins sp\u00e9cifiques. Vid\u00e9osurveillance, acc\u00e8s contr\u00f4l\u00e9, alarmes individuelles : tout est pens\u00e9 pour que vos biens soient entre de bonnes mains. De plus, <strong>la modularit\u00e9 des box<\/strong> permet de changer facilement de taille selon la saisonnalit\u00e9 ou les pics d&rsquo;activit\u00e9.<\/p>\n<h3>Adapt\u00e9 \u00e0 toutes les tailles d&rsquo;entreprise, de la PME \u00e0 la grande structure<\/h3>\n<p>Que vous dirigiez une start-up en pleine croissance ou une soci\u00e9t\u00e9 bien \u00e9tablie, <strong>le besoin de stockage \u00e9volue au rythme de votre activit\u00e9<\/strong>. C&rsquo;est pourquoi les garde-meubles professionnels s&rsquo;adressent \u00e0 toutes les structures, m\u00eame celles ayant un si\u00e8ge unique. Par ailleurs, des prestataires sp\u00e9cialis\u00e9s comme <a href=\"https:\/\/www.leaderbox.fr\/\">Leader Box<\/a> proposent des solutions souples et adapt\u00e9es \u00e0 diff\u00e9rents profils d&rsquo;entreprises, avec des sites bien implant\u00e9s dans des villes comme Toulouse.<\/p>\n<h3>Une solution rentable et sans engagement \u00e0 long terme<\/h3>\n<p>Contrairement \u00e0 la location d&rsquo;un local suppl\u00e9mentaire, <strong>le garde-meuble offre un tarif ma\u00eetris\u00e9<\/strong>. Vous ne payez que pour l&rsquo;espace utilis\u00e9, sans bail \u00e0 long terme ni charges impr\u00e9vues. Cette souplesse s\u00e9duit particuli\u00e8rement les entreprises en mouvement, qui doivent s&rsquo;adapter rapidement aux contraintes logistiques ou immobili\u00e8res.<\/p>\n<h2>Comment bien choisir un garde-meuble professionnel ?<\/h2>\n<h3>Crit\u00e8res \u00e0 \u00e9valuer : s\u00e9curit\u00e9, accessibilit\u00e9, taille, localisation<\/h3>\n<p>Avant de louer un espace, plusieurs points doivent \u00eatre examin\u00e9s avec attention. <strong>La s\u00e9curit\u00e9 des installations<\/strong> est bien s\u00fbr primordiale, mais il faut aussi penser \u00e0 la facilit\u00e9 d&rsquo;acc\u00e8s pour vos \u00e9quipes, \u00e0 la <strong>proximit\u00e9 avec vos locaux<\/strong> ou vos zones de livraison, et \u00e0 la <strong>capacit\u00e9 r\u00e9elle de stockage<\/strong> disponible. Les dimensions du box doivent correspondre \u00e0 la volum\u00e9trie de vos biens, tout en laissant une marge d&rsquo;\u00e9volution.<\/p>\n<h3>Importance de la transparence tarifaire et du contrat<\/h3>\n<p>Un bon prestataire de garde-meuble professionnel propose des <strong>tarifs clairs, sans frais cach\u00e9s<\/strong>, avec des contrats simples et sans engagement superflu. V\u00e9rifiez bien les modalit\u00e9s d&rsquo;entr\u00e9e et de sortie, les conditions d&rsquo;assurance, les horaires d&rsquo;acc\u00e8s ou encore les frais \u00e9ventuels li\u00e9s \u00e0 une r\u00e9siliation anticip\u00e9e. Cette transparence est essentielle pour une gestion sereine \u00e0 long terme.<\/p>\n<h3>Services compl\u00e9mentaires utiles : surveillance, assurance, mat\u00e9riel de manutention<\/h3>\n<p>Pour faciliter la gestion logistique, certains centres de stockage proposent \u00e9galement des services compl\u00e9mentaires : <strong>mise \u00e0 disposition de chariots, vente de cartons, assurance int\u00e9gr\u00e9e, r\u00e9ception de marchandises<\/strong>, etc. Ces petits plus peuvent r\u00e9ellement simplifier votre quotidien et optimiser vos flux internes.<\/p>\n<h2>Int\u00e9grer le garde-meuble dans une strat\u00e9gie globale d&rsquo;organisation<\/h2>\n<h3>Optimiser les flux internes : relier le stockage externe \u00e0 la logistique ou au service administratif<\/h3>\n<p>Un garde-meuble ne doit pas \u00eatre vu comme un simple espace externe, mais comme <strong>un maillon fonctionnel de votre cha\u00eene interne<\/strong>. Il peut servir \u00e0 d\u00e9sengorger un service, \u00e0 archiver des documents, ou \u00e0 cr\u00e9er une r\u00e9serve interm\u00e9diaire pour votre stock. L&rsquo;enjeu est de connecter cet espace \u00e0 vos processus m\u00e9tiers.<\/p>\n<h3>Mettre en place un inventaire digital : suivi des biens stock\u00e9s pour gagner en tra\u00e7abilit\u00e9 et efficacit\u00e9<\/h3>\n<p>Un bon usage du garde-meuble passe aussi par une gestion rigoureuse. <strong>La num\u00e9risation des inventaires<\/strong> permet de savoir \u00e0 tout moment o\u00f9 se trouvent vos biens, ce qui a \u00e9t\u00e9 d\u00e9plac\u00e9, ou encore ce qui peut \u00eatre recycl\u00e9 ou vendu. Ce suivi optimise la r\u00e9activit\u00e9 de vos services.<\/p>\n<h3>Adopter une d\u00e9marche \u00e9coresponsable : limiter les surfaces inutilis\u00e9es, prolonger la dur\u00e9e de vie du mobilier, r\u00e9duire le gaspillage<\/h3>\n<p>R\u00e9duire les m\u00e8tres carr\u00e9s de bureaux inutilis\u00e9s, <strong>donner une seconde vie \u00e0 vos meubles<\/strong>, ou stocker temporairement du mat\u00e9riel en vue de sa r\u00e9utilisation : autant d&rsquo;actions qui participent d&rsquo;une logique \u00e9coresponsable. Le garde-meuble devient alors <strong>un outil de sobri\u00e9t\u00e9 immobili\u00e8re et de durabilit\u00e9<\/strong>.<\/p>\n<h3>Faire du garde-meuble un levier de performance : un espace bien g\u00e9r\u00e9 am\u00e9liore la mobilit\u00e9 interne, la clart\u00e9 visuelle et la satisfaction des collaborateurs<\/h3>\n<p>En externalisant le stockage des \u00e9l\u00e9ments non essentiels au quotidien, vous lib\u00e9rez non seulement de l&rsquo;espace, mais aussi de l&rsquo;\u00e9nergie mentale dans vos \u00e9quipes. <strong>Des bureaux plus d\u00e9gag\u00e9s, une circulation facilit\u00e9e, une organisation lisible<\/strong>, tout cela contribue \u00e0 un meilleur cadre de travail et \u00e0 une performance accrue. En conclusion, <a href=\"https:\/\/bring4you.com\/blog\/2024\/09\/03\/garde-meuble-dentreprise-stockage-temporaire\/\">int\u00e9grer un garde-meuble dans votre gestion d&rsquo;entreprise<\/a> ne rel\u00e8ve plus du confort, mais d&rsquo;un v\u00e9ritable <strong>choix strat\u00e9gique et rationnel<\/strong>. Que ce soit pour accompagner un projet de r\u00e9organisation, absorber une croissance rapide ou am\u00e9liorer le bien-\u00eatre au travail, le garde-meuble professionnel a toute sa place dans les nouveaux mod\u00e8les d&rsquo;organisation.<\/p>\n<p>Souple, s\u00e9curis\u00e9, \u00e9conomique, il s&rsquo;adapte aux enjeux d&rsquo;aujourd&rsquo;hui.<\/p>\n","protected":false},"excerpt":{"rendered":"<p>Dans un contexte professionnel o\u00f9 chaque m\u00e8tre carr\u00e9 compte, la location d&rsquo;un garde-meuble se r\u00e9v\u00e8le \u00eatre une solution strat\u00e9gique. Les entreprises modernes, qu&rsquo;elles soient en plein d\u00e9veloppement, en phase de transition ou en qu\u00eate d&rsquo;efficacit\u00e9, cherchent d\u00e9sormais \u00e0 rationaliser leurs espaces. Externaliser une partie du stockage devient alors un levier de performance et de flexibilit\u00e9, [&hellip;]<\/p>\n","protected":false},"author":3,"featured_media":3341,"comment_status":"open","ping_status":"open","sticky":false,"template":"","format":"standard","meta":{"inline_featured_image":false,"footnotes":""},"categories":[58],"tags":[],"class_list":["post-3340","post","type-post","status-publish","format-standard","has-post-thumbnail","hentry","category-logistique"],"yoast_head":"<!-- This site is optimized with the Yoast SEO plugin v25.9 - https:\/\/yoast.com\/wordpress\/plugins\/seo\/ -->\n<title>Optimisez la gestion de vos espaces professionnels gr\u00e2ce au garde-meuble - Bring4You<\/title>\n<meta name=\"description\" content=\"Externaliser une partie du stockage devient alors un levier de performance et de flexibilit\u00e9, bien plus qu&#039;un simple service logistique.\" \/>\n<meta name=\"robots\" content=\"index, follow, max-snippet:-1, max-image-preview:large, max-video-preview:-1\" \/>\n<link rel=\"canonical\" href=\"https:\/\/bring4you.com\/blog\/2025\/10\/19\/optimisez-la-gestion-de-vos-espaces-professionnels-grace-au-garde-meuble\/\" \/>\n<meta property=\"og:locale\" content=\"fr_FR\" \/>\n<meta property=\"og:type\" content=\"article\" \/>\n<meta property=\"og:title\" content=\"Optimisez la gestion de vos espaces professionnels gr\u00e2ce au garde-meuble - Bring4You\" \/>\n<meta property=\"og:description\" content=\"Externaliser une partie du stockage devient alors un levier de performance et de flexibilit\u00e9, bien plus qu&#039;un simple service logistique.\" \/>\n<meta property=\"og:url\" content=\"https:\/\/bring4you.com\/blog\/2025\/10\/19\/optimisez-la-gestion-de-vos-espaces-professionnels-grace-au-garde-meuble\/\" \/>\n<meta property=\"og:site_name\" content=\"Bring4You\" \/>\n<meta property=\"article:publisher\" content=\"https:\/\/www.facebook.com\/ibring4you\" \/>\n<meta property=\"article:published_time\" content=\"2025-10-19T19:34:08+00:00\" \/>\n<meta property=\"og:image\" content=\"https:\/\/bring4you.com\/blog\/wp-content\/uploads\/2025\/10\/optimisez-la-gestion-de-vos-espaces-professionnels-grace-au-garde-meuble.jpg\" \/>\n\t<meta property=\"og:image:width\" content=\"1200\" \/>\n\t<meta property=\"og:image:height\" content=\"800\" \/>\n\t<meta property=\"og:image:type\" content=\"image\/jpeg\" \/>\n<meta name=\"author\" content=\"Pierre\" \/>\n<meta name=\"twitter:card\" content=\"summary_large_image\" \/>\n<meta name=\"twitter:label1\" content=\"\u00c9crit par\" \/>\n\t<meta name=\"twitter:data1\" content=\"Pierre\" \/>\n\t<meta name=\"twitter:label2\" content=\"Dur\u00e9e de lecture estim\u00e9e\" \/>\n\t<meta name=\"twitter:data2\" content=\"5 minutes\" \/>\n<script type=\"application\/ld+json\" class=\"yoast-schema-graph\">{\"@context\":\"https:\/\/schema.org\",\"@graph\":[{\"@type\":\"Article\",\"@id\":\"https:\/\/bring4you.com\/blog\/2025\/10\/19\/optimisez-la-gestion-de-vos-espaces-professionnels-grace-au-garde-meuble\/#article\",\"isPartOf\":{\"@id\":\"https:\/\/bring4you.com\/blog\/2025\/10\/19\/optimisez-la-gestion-de-vos-espaces-professionnels-grace-au-garde-meuble\/\"},\"author\":{\"name\":\"Pierre\",\"@id\":\"https:\/\/bring4you.com\/blog\/#\/schema\/person\/9525d65d3a46138e4b1cc59257ff430c\"},\"headline\":\"Optimisez la gestion de vos espaces professionnels gr\u00e2ce au garde-meuble\",\"datePublished\":\"2025-10-19T19:34:08+00:00\",\"mainEntityOfPage\":{\"@id\":\"https:\/\/bring4you.com\/blog\/2025\/10\/19\/optimisez-la-gestion-de-vos-espaces-professionnels-grace-au-garde-meuble\/\"},\"wordCount\":883,\"commentCount\":0,\"publisher\":{\"@id\":\"https:\/\/bring4you.com\/blog\/#organization\"},\"image\":{\"@id\":\"https:\/\/bring4you.com\/blog\/2025\/10\/19\/optimisez-la-gestion-de-vos-espaces-professionnels-grace-au-garde-meuble\/#primaryimage\"},\"thumbnailUrl\":\"https:\/\/bring4you.com\/blog\/wp-content\/uploads\/2025\/10\/optimisez-la-gestion-de-vos-espaces-professionnels-grace-au-garde-meuble.jpg\",\"articleSection\":[\"Logistique\"],\"inLanguage\":\"fr-FR\",\"potentialAction\":[{\"@type\":\"CommentAction\",\"name\":\"Comment\",\"target\":[\"https:\/\/bring4you.com\/blog\/2025\/10\/19\/optimisez-la-gestion-de-vos-espaces-professionnels-grace-au-garde-meuble\/#respond\"]}]},{\"@type\":\"WebPage\",\"@id\":\"https:\/\/bring4you.com\/blog\/2025\/10\/19\/optimisez-la-gestion-de-vos-espaces-professionnels-grace-au-garde-meuble\/\",\"url\":\"https:\/\/bring4you.com\/blog\/2025\/10\/19\/optimisez-la-gestion-de-vos-espaces-professionnels-grace-au-garde-meuble\/\",\"name\":\"Optimisez la gestion de vos espaces professionnels gr\u00e2ce au garde-meuble - Bring4You\",\"isPartOf\":{\"@id\":\"https:\/\/bring4you.com\/blog\/#website\"},\"primaryImageOfPage\":{\"@id\":\"https:\/\/bring4you.com\/blog\/2025\/10\/19\/optimisez-la-gestion-de-vos-espaces-professionnels-grace-au-garde-meuble\/#primaryimage\"},\"image\":{\"@id\":\"https:\/\/bring4you.com\/blog\/2025\/10\/19\/optimisez-la-gestion-de-vos-espaces-professionnels-grace-au-garde-meuble\/#primaryimage\"},\"thumbnailUrl\":\"https:\/\/bring4you.com\/blog\/wp-content\/uploads\/2025\/10\/optimisez-la-gestion-de-vos-espaces-professionnels-grace-au-garde-meuble.jpg\",\"datePublished\":\"2025-10-19T19:34:08+00:00\",\"description\":\"Externaliser une partie du stockage devient alors un levier de performance et de flexibilit\u00e9, bien plus qu'un simple service logistique.\",\"breadcrumb\":{\"@id\":\"https:\/\/bring4you.com\/blog\/2025\/10\/19\/optimisez-la-gestion-de-vos-espaces-professionnels-grace-au-garde-meuble\/#breadcrumb\"},\"inLanguage\":\"fr-FR\",\"potentialAction\":[{\"@type\":\"ReadAction\",\"target\":[\"https:\/\/bring4you.com\/blog\/2025\/10\/19\/optimisez-la-gestion-de-vos-espaces-professionnels-grace-au-garde-meuble\/\"]}]},{\"@type\":\"ImageObject\",\"inLanguage\":\"fr-FR\",\"@id\":\"https:\/\/bring4you.com\/blog\/2025\/10\/19\/optimisez-la-gestion-de-vos-espaces-professionnels-grace-au-garde-meuble\/#primaryimage\",\"url\":\"https:\/\/bring4you.com\/blog\/wp-content\/uploads\/2025\/10\/optimisez-la-gestion-de-vos-espaces-professionnels-grace-au-garde-meuble.jpg\",\"contentUrl\":\"https:\/\/bring4you.com\/blog\/wp-content\/uploads\/2025\/10\/optimisez-la-gestion-de-vos-espaces-professionnels-grace-au-garde-meuble.jpg\",\"width\":1200,\"height\":800},{\"@type\":\"BreadcrumbList\",\"@id\":\"https:\/\/bring4you.com\/blog\/2025\/10\/19\/optimisez-la-gestion-de-vos-espaces-professionnels-grace-au-garde-meuble\/#breadcrumb\",\"itemListElement\":[{\"@type\":\"ListItem\",\"position\":1,\"name\":\"Accueil\",\"item\":\"https:\/\/bring4you.com\/blog\/\"},{\"@type\":\"ListItem\",\"position\":2,\"name\":\"Optimisez la gestion de vos espaces professionnels gr\u00e2ce au garde-meuble\"}]},{\"@type\":\"WebSite\",\"@id\":\"https:\/\/bring4you.com\/blog\/#website\",\"url\":\"https:\/\/bring4you.com\/blog\/\",\"name\":\"Bring4You\",\"description\":\"D\u00e9m\u00e9nagement\",\"publisher\":{\"@id\":\"https:\/\/bring4you.com\/blog\/#organization\"},\"potentialAction\":[{\"@type\":\"SearchAction\",\"target\":{\"@type\":\"EntryPoint\",\"urlTemplate\":\"https:\/\/bring4you.com\/blog\/?s={search_term_string}\"},\"query-input\":{\"@type\":\"PropertyValueSpecification\",\"valueRequired\":true,\"valueName\":\"search_term_string\"}}],\"inLanguage\":\"fr-FR\"},{\"@type\":\"Organization\",\"@id\":\"https:\/\/bring4you.com\/blog\/#organization\",\"name\":\"Bring4You\",\"alternateName\":\"D\u00e9m\u00e9nageur France et international\",\"url\":\"https:\/\/bring4you.com\/blog\/\",\"logo\":{\"@type\":\"ImageObject\",\"inLanguage\":\"fr-FR\",\"@id\":\"https:\/\/bring4you.com\/blog\/#\/schema\/logo\/image\/\",\"url\":\"https:\/\/bring4you.com\/blog\/wp-content\/uploads\/2024\/11\/logo-blanc.svg\",\"contentUrl\":\"https:\/\/bring4you.com\/blog\/wp-content\/uploads\/2024\/11\/logo-blanc.svg\",\"width\":190,\"height\":36,\"caption\":\"Bring4You\"},\"image\":{\"@id\":\"https:\/\/bring4you.com\/blog\/#\/schema\/logo\/image\/\"},\"sameAs\":[\"https:\/\/www.facebook.com\/ibring4you\"]},{\"@type\":\"Person\",\"@id\":\"https:\/\/bring4you.com\/blog\/#\/schema\/person\/9525d65d3a46138e4b1cc59257ff430c\",\"name\":\"Pierre\",\"image\":{\"@type\":\"ImageObject\",\"inLanguage\":\"fr-FR\",\"@id\":\"https:\/\/bring4you.com\/blog\/#\/schema\/person\/image\/\",\"url\":\"https:\/\/secure.gravatar.com\/avatar\/4b213025fcf4e575b3d8c5e983cc41bbfc71c798554b2d784f45f8c989d3c2d8?s=96&d=mm&r=g\",\"contentUrl\":\"https:\/\/secure.gravatar.com\/avatar\/4b213025fcf4e575b3d8c5e983cc41bbfc71c798554b2d784f45f8c989d3c2d8?s=96&d=mm&r=g\",\"caption\":\"Pierre\"},\"description\":\"Pierre Mayeul, le virtuose des mots et r\u00e9dacteur en chef du blog de Bring4You, transforme chaque sujet en un article captivant. Toujours \u00e0 l'aff\u00fbt des derni\u00e8res tendances, il met sa plume au service de vos projets de d\u00e9m\u00e9nagement. Quand il ne r\u00e9dige pas, Pierre aime explorer de nouveaux horizons, tester de nouvelles id\u00e9es, et bien s\u00fbr, pr\u00e9parer son prochain article avec une tasse de caf\u00e9 \u00e0 la main.\"}]}<\/script>\n<!-- \/ Yoast SEO plugin. -->","yoast_head_json":{"title":"Optimisez la gestion de vos espaces professionnels gr\u00e2ce au garde-meuble - Bring4You","description":"Externaliser une partie du stockage devient alors un levier de performance et de flexibilit\u00e9, bien plus qu'un simple service logistique.","robots":{"index":"index","follow":"follow","max-snippet":"max-snippet:-1","max-image-preview":"max-image-preview:large","max-video-preview":"max-video-preview:-1"},"canonical":"https:\/\/bring4you.com\/blog\/2025\/10\/19\/optimisez-la-gestion-de-vos-espaces-professionnels-grace-au-garde-meuble\/","og_locale":"fr_FR","og_type":"article","og_title":"Optimisez la gestion de vos espaces professionnels gr\u00e2ce au garde-meuble - Bring4You","og_description":"Externaliser une partie du stockage devient alors un levier de performance et de flexibilit\u00e9, bien plus qu'un simple service logistique.","og_url":"https:\/\/bring4you.com\/blog\/2025\/10\/19\/optimisez-la-gestion-de-vos-espaces-professionnels-grace-au-garde-meuble\/","og_site_name":"Bring4You","article_publisher":"https:\/\/www.facebook.com\/ibring4you","article_published_time":"2025-10-19T19:34:08+00:00","og_image":[{"width":1200,"height":800,"url":"https:\/\/bring4you.com\/blog\/wp-content\/uploads\/2025\/10\/optimisez-la-gestion-de-vos-espaces-professionnels-grace-au-garde-meuble.jpg","type":"image\/jpeg"}],"author":"Pierre","twitter_card":"summary_large_image","twitter_misc":{"\u00c9crit par":"Pierre","Dur\u00e9e de lecture estim\u00e9e":"5 minutes"},"schema":{"@context":"https:\/\/schema.org","@graph":[{"@type":"Article","@id":"https:\/\/bring4you.com\/blog\/2025\/10\/19\/optimisez-la-gestion-de-vos-espaces-professionnels-grace-au-garde-meuble\/#article","isPartOf":{"@id":"https:\/\/bring4you.com\/blog\/2025\/10\/19\/optimisez-la-gestion-de-vos-espaces-professionnels-grace-au-garde-meuble\/"},"author":{"name":"Pierre","@id":"https:\/\/bring4you.com\/blog\/#\/schema\/person\/9525d65d3a46138e4b1cc59257ff430c"},"headline":"Optimisez la gestion de vos espaces professionnels gr\u00e2ce au garde-meuble","datePublished":"2025-10-19T19:34:08+00:00","mainEntityOfPage":{"@id":"https:\/\/bring4you.com\/blog\/2025\/10\/19\/optimisez-la-gestion-de-vos-espaces-professionnels-grace-au-garde-meuble\/"},"wordCount":883,"commentCount":0,"publisher":{"@id":"https:\/\/bring4you.com\/blog\/#organization"},"image":{"@id":"https:\/\/bring4you.com\/blog\/2025\/10\/19\/optimisez-la-gestion-de-vos-espaces-professionnels-grace-au-garde-meuble\/#primaryimage"},"thumbnailUrl":"https:\/\/bring4you.com\/blog\/wp-content\/uploads\/2025\/10\/optimisez-la-gestion-de-vos-espaces-professionnels-grace-au-garde-meuble.jpg","articleSection":["Logistique"],"inLanguage":"fr-FR","potentialAction":[{"@type":"CommentAction","name":"Comment","target":["https:\/\/bring4you.com\/blog\/2025\/10\/19\/optimisez-la-gestion-de-vos-espaces-professionnels-grace-au-garde-meuble\/#respond"]}]},{"@type":"WebPage","@id":"https:\/\/bring4you.com\/blog\/2025\/10\/19\/optimisez-la-gestion-de-vos-espaces-professionnels-grace-au-garde-meuble\/","url":"https:\/\/bring4you.com\/blog\/2025\/10\/19\/optimisez-la-gestion-de-vos-espaces-professionnels-grace-au-garde-meuble\/","name":"Optimisez la gestion de vos espaces professionnels gr\u00e2ce au garde-meuble - Bring4You","isPartOf":{"@id":"https:\/\/bring4you.com\/blog\/#website"},"primaryImageOfPage":{"@id":"https:\/\/bring4you.com\/blog\/2025\/10\/19\/optimisez-la-gestion-de-vos-espaces-professionnels-grace-au-garde-meuble\/#primaryimage"},"image":{"@id":"https:\/\/bring4you.com\/blog\/2025\/10\/19\/optimisez-la-gestion-de-vos-espaces-professionnels-grace-au-garde-meuble\/#primaryimage"},"thumbnailUrl":"https:\/\/bring4you.com\/blog\/wp-content\/uploads\/2025\/10\/optimisez-la-gestion-de-vos-espaces-professionnels-grace-au-garde-meuble.jpg","datePublished":"2025-10-19T19:34:08+00:00","description":"Externaliser une partie du stockage devient alors un levier de performance et de flexibilit\u00e9, bien plus qu'un simple service logistique.","breadcrumb":{"@id":"https:\/\/bring4you.com\/blog\/2025\/10\/19\/optimisez-la-gestion-de-vos-espaces-professionnels-grace-au-garde-meuble\/#breadcrumb"},"inLanguage":"fr-FR","potentialAction":[{"@type":"ReadAction","target":["https:\/\/bring4you.com\/blog\/2025\/10\/19\/optimisez-la-gestion-de-vos-espaces-professionnels-grace-au-garde-meuble\/"]}]},{"@type":"ImageObject","inLanguage":"fr-FR","@id":"https:\/\/bring4you.com\/blog\/2025\/10\/19\/optimisez-la-gestion-de-vos-espaces-professionnels-grace-au-garde-meuble\/#primaryimage","url":"https:\/\/bring4you.com\/blog\/wp-content\/uploads\/2025\/10\/optimisez-la-gestion-de-vos-espaces-professionnels-grace-au-garde-meuble.jpg","contentUrl":"https:\/\/bring4you.com\/blog\/wp-content\/uploads\/2025\/10\/optimisez-la-gestion-de-vos-espaces-professionnels-grace-au-garde-meuble.jpg","width":1200,"height":800},{"@type":"BreadcrumbList","@id":"https:\/\/bring4you.com\/blog\/2025\/10\/19\/optimisez-la-gestion-de-vos-espaces-professionnels-grace-au-garde-meuble\/#breadcrumb","itemListElement":[{"@type":"ListItem","position":1,"name":"Accueil","item":"https:\/\/bring4you.com\/blog\/"},{"@type":"ListItem","position":2,"name":"Optimisez la gestion de vos espaces professionnels gr\u00e2ce au garde-meuble"}]},{"@type":"WebSite","@id":"https:\/\/bring4you.com\/blog\/#website","url":"https:\/\/bring4you.com\/blog\/","name":"Bring4You","description":"D\u00e9m\u00e9nagement","publisher":{"@id":"https:\/\/bring4you.com\/blog\/#organization"},"potentialAction":[{"@type":"SearchAction","target":{"@type":"EntryPoint","urlTemplate":"https:\/\/bring4you.com\/blog\/?s={search_term_string}"},"query-input":{"@type":"PropertyValueSpecification","valueRequired":true,"valueName":"search_term_string"}}],"inLanguage":"fr-FR"},{"@type":"Organization","@id":"https:\/\/bring4you.com\/blog\/#organization","name":"Bring4You","alternateName":"D\u00e9m\u00e9nageur France et international","url":"https:\/\/bring4you.com\/blog\/","logo":{"@type":"ImageObject","inLanguage":"fr-FR","@id":"https:\/\/bring4you.com\/blog\/#\/schema\/logo\/image\/","url":"https:\/\/bring4you.com\/blog\/wp-content\/uploads\/2024\/11\/logo-blanc.svg","contentUrl":"https:\/\/bring4you.com\/blog\/wp-content\/uploads\/2024\/11\/logo-blanc.svg","width":190,"height":36,"caption":"Bring4You"},"image":{"@id":"https:\/\/bring4you.com\/blog\/#\/schema\/logo\/image\/"},"sameAs":["https:\/\/www.facebook.com\/ibring4you"]},{"@type":"Person","@id":"https:\/\/bring4you.com\/blog\/#\/schema\/person\/9525d65d3a46138e4b1cc59257ff430c","name":"Pierre","image":{"@type":"ImageObject","inLanguage":"fr-FR","@id":"https:\/\/bring4you.com\/blog\/#\/schema\/person\/image\/","url":"https:\/\/secure.gravatar.com\/avatar\/4b213025fcf4e575b3d8c5e983cc41bbfc71c798554b2d784f45f8c989d3c2d8?s=96&d=mm&r=g","contentUrl":"https:\/\/secure.gravatar.com\/avatar\/4b213025fcf4e575b3d8c5e983cc41bbfc71c798554b2d784f45f8c989d3c2d8?s=96&d=mm&r=g","caption":"Pierre"},"description":"Pierre Mayeul, le virtuose des mots et r\u00e9dacteur en chef du blog de Bring4You, transforme chaque sujet en un article captivant. Toujours \u00e0 l'aff\u00fbt des derni\u00e8res tendances, il met sa plume au service de vos projets de d\u00e9m\u00e9nagement. Quand il ne r\u00e9dige pas, Pierre aime explorer de nouveaux horizons, tester de nouvelles id\u00e9es, et bien s\u00fbr, pr\u00e9parer son prochain article avec une tasse de caf\u00e9 \u00e0 la main."}]}},"_links":{"self":[{"href":"https:\/\/bring4you.com\/blog\/wp-json\/wp\/v2\/posts\/3340","targetHints":{"allow":["GET"]}}],"collection":[{"href":"https:\/\/bring4you.com\/blog\/wp-json\/wp\/v2\/posts"}],"about":[{"href":"https:\/\/bring4you.com\/blog\/wp-json\/wp\/v2\/types\/post"}],"author":[{"embeddable":true,"href":"https:\/\/bring4you.com\/blog\/wp-json\/wp\/v2\/users\/3"}],"replies":[{"embeddable":true,"href":"https:\/\/bring4you.com\/blog\/wp-json\/wp\/v2\/comments?post=3340"}],"version-history":[{"count":1,"href":"https:\/\/bring4you.com\/blog\/wp-json\/wp\/v2\/posts\/3340\/revisions"}],"predecessor-version":[{"id":3342,"href":"https:\/\/bring4you.com\/blog\/wp-json\/wp\/v2\/posts\/3340\/revisions\/3342"}],"wp:featuredmedia":[{"embeddable":true,"href":"https:\/\/bring4you.com\/blog\/wp-json\/wp\/v2\/media\/3341"}],"wp:attachment":[{"href":"https:\/\/bring4you.com\/blog\/wp-json\/wp\/v2\/media?parent=3340"}],"wp:term":[{"taxonomy":"category","embeddable":true,"href":"https:\/\/bring4you.com\/blog\/wp-json\/wp\/v2\/categories?post=3340"},{"taxonomy":"post_tag","embeddable":true,"href":"https:\/\/bring4you.com\/blog\/wp-json\/wp\/v2\/tags?post=3340"}],"curies":[{"name":"wp","href":"https:\/\/api.w.org\/{rel}","templated":true}]}}