{"id":3117,"date":"2025-07-28T11:42:36","date_gmt":"2025-07-28T11:42:36","guid":{"rendered":"https:\/\/bring4you.com\/blog\/?p=3117"},"modified":"2025-10-28T21:36:26","modified_gmt":"2025-10-28T21:36:26","slug":"revenir-ou-arriver-en-france-un-demenagement-et-bien-plus","status":"publish","type":"post","link":"https:\/\/bring4you.com\/blog\/2025\/07\/28\/revenir-ou-arriver-en-france-un-demenagement-et-bien-plus\/","title":{"rendered":"Revenir ou arriver en France : un d\u00e9m\u00e9nagement\u2026 et bien plus !"},"content":{"rendered":"<p>&nbsp;<\/p>\n<p>Qu\u2019on soit un cadre fran\u00e7ais expatri\u00e9 rentrant \u00e0 Paris apr\u00e8s 5 ans \u00e0 Singapour, ou un salari\u00e9 italien fra\u00eechement mut\u00e9 \u00e0 Lyon, <strong>s\u2019installer en France pour des raisons professionnelles<\/strong> n\u2019est jamais un simple d\u00e9m\u00e9nagement. C\u2019est souvent un <strong>changement de vie complet<\/strong>, \u00e0 g\u00e9rer en quelques semaines, entre d\u00e9part pr\u00e9cipit\u00e9, d\u00e9marches administratives, recherche de logement, scolarit\u00e9 des enfants, et adaptation culturelle.<\/p>\n<p>Et pourtant, chaque ann\u00e9e, <strong>plus de 120 000 salari\u00e9s \u00e9trangers ou binationaux sont accueillis en France dans le cadre d\u2019une mutation ou d\u2019un recrutement international<\/strong> (source : OFII, 2024).<\/p>\n<p>? On parle alors de <strong>relocation<\/strong> : un accompagnement \u00e0 360\u00b0 pour que l\u2019arriv\u00e9e se passe bien\u2026 pour le salari\u00e9 comme pour sa famille.<\/p>\n<h2>Trouver un logement en France : pas toujours simple\u2026<\/h2>\n<p>En France, louer un logement, surtout dans les grandes villes, n\u2019est pas de tout repos. Dossier solide, garants, fiches de paie fran\u00e7aises\u2026 Le syst\u00e8me peut <strong>d\u00e9router un expatri\u00e9<\/strong> qui d\u00e9barque, m\u00eame avec un bon salaire et un contrat sign\u00e9.<\/p>\n<blockquote><p>? <em>Le conseil pratique<\/em> : Passer par une agence sp\u00e9cialis\u00e9e en relocation permet souvent d\u2019avoir acc\u00e8s \u00e0 des logements \u201coff market\u201d, ou de b\u00e9n\u00e9ficier d\u2019un garant via des dispositifs comme Visale.<\/p><\/blockquote>\n<p>? \u00c0 noter : certaines entreprises financent l\u2019h\u00e9bergement temporaire (3 \u00e0 6 mois) pour laisser le temps de s\u2019installer sans stress.<\/p>\n<h2>Scolarit\u00e9 des enfants : \u00e9coles locales ou internationales ?<\/h2>\n<p>C\u2019est un vrai point sensible pour les familles. En fonction de la dur\u00e9e du s\u00e9jour et du profil des enfants, plusieurs options sont possibles :<\/p>\n<ul>\n<li><strong>\u00c9coles internationales bilingues<\/strong>, tr\u00e8s pr\u00e9sentes \u00e0 Paris, Lyon, Bordeaux\u2026<\/li>\n<li><strong>\u00c9tablissements publics fran\u00e7ais<\/strong>, parfois en classes internationales<\/li>\n<li><strong>\u00c9coles priv\u00e9es sous contrat<\/strong>, plus souples sur les profils non francophones<\/li>\n<\/ul>\n<blockquote><p>? <em>Le conseil en or<\/em> : commencer les d\u00e9marches d\u00e8s la signature du contrat, certaines \u00e9coles ont des listes d\u2019attente d\u2019un an !<\/p><\/blockquote>\n<h2>Les d\u00e9marches administratives : carte de s\u00e9jour, S\u00e9curit\u00e9 sociale, permis, CAF\u2026<\/h2>\n<p>Arriver en France, c\u2019est plonger t\u00eate la premi\u00e8re dans un <strong>pays tr\u00e8s\u2026 administratif<\/strong>. Et autant \u00eatre honn\u00eate : sans aide, \u00e7a peut rapidement tourner au casse-t\u00eate.<\/p>\n<p>Pour un salari\u00e9 \u00e9tranger (ou un Fran\u00e7ais de retour apr\u00e8s une longue expatriation), certaines <strong>d\u00e9marches sont prioritaires<\/strong>, et il faut les anticiper <strong>le plus t\u00f4t possible<\/strong>, id\u00e9alement d\u00e8s la signature du contrat ou l\u2019obtention du visa.<\/p>\n<h3>Le titre de s\u00e9jour (ou visa de long s\u00e9jour)<\/h3>\n<p>C\u2019est la cl\u00e9 de vo\u00fbte. Selon la nationalit\u00e9, la dur\u00e9e pr\u00e9vue du s\u00e9jour et le contrat de travail, plusieurs cas existent :<\/p>\n<ul>\n<li><strong>Passeport Talent<\/strong> pour les profils qualifi\u00e9s ou salari\u00e9s mut\u00e9s,<\/li>\n<li><strong>Carte de s\u00e9jour salari\u00e9 d\u00e9tach\u00e9<\/strong> pour les expatriations intra-groupe,<\/li>\n<li><strong>Visa de long s\u00e9jour valant titre de s\u00e9jour (VLS-TS)<\/strong>, \u00e0 valider en ligne d\u00e8s l\u2019arriv\u00e9e.<\/li>\n<\/ul>\n<p>? <em>Attention<\/em> : certaines d\u00e9marches doivent \u00eatre lanc\u00e9es dans les <strong>2 mois suivant l\u2019arriv\u00e9e<\/strong>. Ne rien remettre \u00e0 plus tard.<\/p>\n<h3>Obtenir un num\u00e9ro de S\u00e9curit\u00e9 sociale<\/h3>\n<p>Indispensable pour se faire soigner, \u00eatre rembours\u00e9, ou tout simplement s\u2019inscrire \u00e0 une mutuelle.<br \/>\n? Le salari\u00e9 doit transmettre son contrat de travail, son RIB, une pi\u00e8ce d\u2019identit\u00e9 et un justificatif de domicile \u00e0 l\u2019Assurance Maladie via le portail <a href=\"https:\/\/www.ameli.fr\/\">Ameli.fr<\/a>.<\/p>\n<p>\u23f3 Le d\u00e9lai moyen d\u2019attribution d\u2019un num\u00e9ro de s\u00e9curit\u00e9 sociale est de 4 \u00e0 8 semaines. Il est temporaire au d\u00e9part, puis d\u00e9finitif avec la carte Vitale.<\/p>\n<h3>Le permis de conduire<\/h3>\n<ul>\n<li>Pour les <strong>ressortissants europ\u00e9ens<\/strong>, le permis national reste valable.<\/li>\n<li>Pour les <strong>pays hors UE<\/strong>, il faut souvent \u00e9changer son permis dans un d\u00e9lai d\u2019un an, sous peine de devoir\u2026 <strong>repasser le permis fran\u00e7ais<\/strong>.<\/li>\n<\/ul>\n<p>? Petit conseil : certaines pr\u00e9fectures sont surcharg\u00e9es, donc mieux vaut <strong>d\u00e9poser son dossier en ligne<\/strong> d\u00e8s que possible sur <a href=\"https:\/\/ants.gouv.fr\/\">ants.gouv.fr<\/a>.<\/p>\n<h3>S\u2019inscrire \u00e0 la CAF (Caisse d\u2019Allocations Familiales)<\/h3>\n<p>M\u00eame les salari\u00e9s \u00e9trangers ont parfois droit \u00e0 certaines <strong>allocations familiales ou aides au logement (APL)<\/strong>.<\/p>\n<p>\u2705 Pour cela, il faut :<\/p>\n<ul>\n<li>\u00eatre r\u00e9sident r\u00e9gulier,<\/li>\n<li>disposer d\u2019un contrat de travail,<\/li>\n<li>louer un logement en France.<\/li>\n<\/ul>\n<p>? Le dossier peut \u00eatre rempli en ligne sur <a href=\"https:\/\/www.caf.fr\/\">caf.fr<\/a> mais il faut <strong>attendre d\u2019avoir obtenu un num\u00e9ro de s\u00e9curit\u00e9 sociale<\/strong> (temporaire ou d\u00e9finitif) pour finaliser l\u2019inscription.<\/p>\n<h3>Et les autres d\u00e9marches ?<\/h3>\n<ul>\n<li><strong>Inscription \u00e0 France Travail<\/strong> (ex-P\u00f4le emploi) si le conjoint cherche un emploi,<\/li>\n<li><strong>Affiliation \u00e0 une compl\u00e9mentaire sant\u00e9 (mutuelle)<\/strong>, parfois impos\u00e9e par l\u2019entreprise,<\/li>\n<li><strong>D\u00e9claration aux imp\u00f4ts<\/strong>, m\u00eame sans revenus fran\u00e7ais, d\u00e8s l\u2019ann\u00e9e suivante,<\/li>\n<li><strong>Ouverture d\u2019un compte bancaire<\/strong> : essentiel pour recevoir son salaire et r\u00e9gler ses factures.<\/li>\n<\/ul>\n<p>? Tous ces dossiers peuvent s\u2019encha\u00eener, se croiser, se bloquer. C\u2019est pourquoi un service de <strong>relocation accompagne souvent ces \u00e9tapes, pas \u00e0 pas<\/strong>, en s\u2019assurant que chaque pi\u00e8ce justificative est conforme.<br \/>\n? <em>Et c\u2019est aussi ce que propose Bring4You dans ses services de mobilit\u00e9 internationale.<\/em><\/p>\n<p><img decoding=\"async\" class=\"emoji\" role=\"img\" draggable=\"false\" src=\"https:\/\/s.w.org\/images\/core\/emoji\/15.1.0\/svg\/1f4cd.svg\" alt=\"?\" \/>\u00a0<em>\u00c0 lire aussi<\/em> : <a href=\"https:\/\/bring4you.com\/blog\/2025\/07\/23\/changement-dadresse-les-10-demarches-administratives-a-ne-pas-zapper\/\">Changement d\u2019adresse : les 10 d\u00e9marches administratives \u00e0 ne pas zapper<\/a><\/p>\n<h2>Retour des expatri\u00e9s fran\u00e7ais : un choc invers\u00e9 ?<\/h2>\n<p>On l\u2019oublie souvent, mais <strong>revenir vivre en France<\/strong> apr\u00e8s plusieurs ann\u00e9es \u00e0 l\u2019\u00e9tranger peut \u00eatre <strong>encore plus difficile<\/strong> que partir. Le choc culturel, la r\u00e9int\u00e9gration dans un syst\u00e8me administratif rigide, et la perte de certains avantages expatri\u00e9s peuvent peser.<\/p>\n<p>? Exemple : les anciens expatri\u00e9s doivent souvent recr\u00e9er leur historique bancaire et de cr\u00e9dit, ce qui peut freiner l\u2019obtention d\u2019un cr\u00e9dit ou d\u2019un bail.<\/p>\n<h2>Relocation professionnelle : un co\u00fbt, mais un vrai retour sur investissement<\/h2>\n<p>Faire appel \u00e0 un service de relocation, ce n\u2019est pas juste un luxe pour cadres dirigeants press\u00e9s. C\u2019est devenu une <strong>n\u00e9cessit\u00e9 strat\u00e9gique<\/strong> pour de nombreuses entreprises qui accueillent des talents venus de l\u2019\u00e9tranger\u2026 ou m\u00eame des grandes m\u00e9tropoles fran\u00e7aises. Pourtant, avec <a href=\"https:\/\/www.actionlogement.fr\/financement-mobilite\" target=\"_blank\" rel=\"noopener\">la disparition de l\u2019aide Mobili-Pass depuis juillet 2023<\/a>, certaines entreprises h\u00e9sitent davantage \u00e0 prendre en charge ces prestations. Et pourtant, c\u2019est pr\u00e9cis\u00e9ment <strong>au moment o\u00f9 les aides publiques s\u2019effacent<\/strong> que le retour sur investissement devient le plus \u00e9vident.<\/p>\n<p>La relocation professionnelle, c\u2019est avant tout <strong>du temps gagn\u00e9<\/strong>, pour tout le monde. Pour le salari\u00e9 mut\u00e9, bien s\u00fbr, qui \u00e9vite de passer des heures \u00e0 tenter de comprendre comment obtenir une carte de s\u00e9jour, inscrire ses enfants \u00e0 l\u2019\u00e9cole ou ouvrir un contrat EDF depuis l\u2019\u00e9tranger. Mais aussi pour l\u2019\u00e9quipe RH, qui se voit souvent confier, de mani\u00e8re informelle, toutes ces t\u00e2ches logistiques alors que ce n\u2019est pas leur c\u0153ur de m\u00e9tier. R\u00e9sultat : en confiant ces d\u00e9marches \u00e0 des sp\u00e9cialistes, <strong>le collaborateur est op\u00e9rationnel plus vite<\/strong>, motiv\u00e9, et concentr\u00e9 sur son int\u00e9gration dans l\u2019\u00e9quipe plut\u00f4t que sur les tracas de l\u2019installation.<\/p>\n<p>C\u2019est aussi une mani\u00e8re d\u2019<strong>\u00e9viter les erreurs co\u00fbteuses<\/strong> : bail mal r\u00e9dig\u00e9, d\u00e9marches oubli\u00e9es, date limite de r\u00e9siliation non respect\u00e9e\u2026 Autant de petits grains de sable qui peuvent transformer une mobilit\u00e9 professionnelle en gal\u00e8re, voire en \u00e9chec. Or, un salari\u00e9 stress\u00e9 par son d\u00e9m\u00e9nagement, mal install\u00e9, avec une famille en souffrance, c\u2019est un salari\u00e9 qui pense \u00e0 rentrer, ou \u00e0 d\u00e9missionner.<\/p>\n<p>Bien s\u00fbr, ce type d\u2019accompagnement a un prix. En moyenne, un forfait de relocation professionnelle complet peut co\u00fbter entre <strong>1 500 et 4 000 euros<\/strong>, selon le niveau d\u2019accompagnement, le profil du salari\u00e9 et la complexit\u00e9 du dossier (mobilit\u00e9 internationale, scolarisation d\u2019enfants, recherche de logement, etc.). Mais rapport\u00e9 \u00e0 <strong>le co\u00fbt d\u2019un \u00e9chec de mobilit\u00e9<\/strong>, ou au <strong>salaire annuel d\u2019un profil qualifi\u00e9<\/strong>, le calcul est vite fait. Sans parler de l\u2019image employeur : les entreprises qui prennent soin de leurs salari\u00e9s en mobilit\u00e9 sont per\u00e7ues comme modernes, humaines, attractives. Un vrai <strong>plus dans la guerre des talents<\/strong>.<\/p>\n<p>En somme, depuis l\u2019arr\u00eat du Mobili-Pass, beaucoup pensaient que les services de relocation allaient devenir moins accessibles. Mais c\u2019est l\u2019inverse qui se produit : ce sont d\u00e9sormais les entreprises les plus strat\u00e9giques qui s\u2019en emparent comme <strong>un levier RH \u00e0 forte valeur ajout\u00e9e<\/strong>. Et chez Bring4You, on le voit tous les jours : une relocation bien g\u00e9r\u00e9e, c\u2019est un salari\u00e9 serein, une famille rassur\u00e9e, et une int\u00e9gration r\u00e9ussie.<\/p>\n<blockquote><p>? En moyenne, une relocation co\u00fbte entre <strong>2 500 \u20ac et 8 000 \u20ac<\/strong> selon les prestations choisies (logement, scolarit\u00e9, d\u00e9marches, accompagnement du conjoint, etc.).<\/p><\/blockquote>\n<p>Pour l\u2019entreprise, c\u2019est le prix de <strong>la r\u00e9ussite d\u2019une mobilit\u00e9 internationale.<\/strong><\/p>\n<h2>? Relocation &amp; Bring4You : un accompagnement de A \u00e0 Z<\/h2>\n<p>Chez Bring4You, on accompagne chaque ann\u00e9e des dizaines de familles dans leur installation en France, en lien avec leurs d\u00e9m\u00e9nageurs et les services RH des entreprises.<\/p>\n<p>Nos services vont au-del\u00e0 du transport :<br \/>\n\u2705 Pr\u00e9paration du dossier locatif<br \/>\n\u2705 Accompagnement administratif<br \/>\n\u2705 Mise en relation avec les bons interlocuteurs<br \/>\n\u2705 Conseil sur la scolarit\u00e9 ou les aides disponibles<\/p>\n<h2>En r\u00e9sum\u00e9<\/h2>\n<p><em>La relocation, ce n\u2019est pas juste \u201ctrouver un appart\u201d. C\u2019est <strong>r\u00e9ussir son installation en France sans y laisser son \u00e9nergie<\/strong>, pour que le salari\u00e9 (et sa famille) puissent se concentrer sur l\u2019essentiel : leur nouveau projet pro.<\/em><\/p>\n<p><em>? Que vous arriviez de Londres, Berlin ou Montr\u00e9al : on est l\u00e0 pour vous aider \u00e0 poser vos valises en douceur !<\/em><\/p>\n<p><img decoding=\"async\" class=\"emoji\" role=\"img\" draggable=\"false\" src=\"https:\/\/s.w.org\/images\/core\/emoji\/15.1.0\/svg\/1f4cd.svg\" alt=\"?\" \/>\u00a0<em>\u00c0 lire aussi<\/em> : <a href=\"https:\/\/bring4you.com\/blog\/2025\/06\/23\/mutation-professionnelle-lete-ce-que-vous-devez-savoir-avant-de-demenager\/\">Mutation professionnelle l\u2019\u00e9t\u00e9 : ce que vous devez savoir avant de d\u00e9m\u00e9nager<\/a><\/p>\n","protected":false},"excerpt":{"rendered":"<p>&nbsp; Qu\u2019on soit un cadre fran\u00e7ais expatri\u00e9 rentrant \u00e0 Paris apr\u00e8s 5 ans \u00e0 Singapour, ou un salari\u00e9 italien fra\u00eechement mut\u00e9 \u00e0 Lyon, s\u2019installer en France pour des raisons professionnelles n\u2019est jamais un simple d\u00e9m\u00e9nagement. C\u2019est souvent un changement de vie complet, \u00e0 g\u00e9rer en quelques semaines, entre d\u00e9part pr\u00e9cipit\u00e9, d\u00e9marches administratives, recherche de logement, [&hellip;]<\/p>\n","protected":false},"author":3,"featured_media":3118,"comment_status":"open","ping_status":"open","sticky":false,"template":"","format":"standard","meta":{"inline_featured_image":false,"footnotes":""},"categories":[60],"tags":[],"class_list":["post-3117","post","type-post","status-publish","format-standard","has-post-thumbnail","hentry","category-demarches"],"yoast_head":"<!-- This site is optimized with the Yoast SEO plugin v25.9 - https:\/\/yoast.com\/wordpress\/plugins\/seo\/ -->\n<title>Revenir ou arriver en France : un d\u00e9m\u00e9nagement\u2026 et bien plus ! - Bring4You<\/title>\n<meta name=\"description\" content=\"Chaque ann\u00e9e, plus de 120 000 salari\u00e9s \u00e9trangers ou binationaux sont accueillis en France dans le cadre d\u2019une mutation ou d\u2019un recrutement international\" \/>\n<meta name=\"robots\" content=\"index, follow, max-snippet:-1, max-image-preview:large, max-video-preview:-1\" \/>\n<link rel=\"canonical\" href=\"https:\/\/bring4you.com\/blog\/2025\/07\/28\/revenir-ou-arriver-en-france-un-demenagement-et-bien-plus\/\" \/>\n<meta property=\"og:locale\" content=\"fr_FR\" \/>\n<meta property=\"og:type\" content=\"article\" \/>\n<meta property=\"og:title\" content=\"Revenir ou arriver en France : un d\u00e9m\u00e9nagement\u2026 et bien plus ! - Bring4You\" \/>\n<meta property=\"og:description\" content=\"Chaque ann\u00e9e, plus de 120 000 salari\u00e9s \u00e9trangers ou binationaux sont accueillis en France dans le cadre d\u2019une mutation ou d\u2019un recrutement international\" \/>\n<meta property=\"og:url\" content=\"https:\/\/bring4you.com\/blog\/2025\/07\/28\/revenir-ou-arriver-en-france-un-demenagement-et-bien-plus\/\" \/>\n<meta property=\"og:site_name\" content=\"Bring4You\" \/>\n<meta property=\"article:publisher\" content=\"https:\/\/www.facebook.com\/ibring4you\" \/>\n<meta property=\"article:published_time\" content=\"2025-07-28T11:42:36+00:00\" \/>\n<meta property=\"article:modified_time\" content=\"2025-10-28T21:36:26+00:00\" \/>\n<meta property=\"og:image\" content=\"https:\/\/bring4you.com\/blog\/wp-content\/uploads\/2025\/07\/revenir-en-france.jpg\" \/>\n\t<meta property=\"og:image:width\" content=\"900\" \/>\n\t<meta property=\"og:image:height\" content=\"900\" \/>\n\t<meta property=\"og:image:type\" content=\"image\/jpeg\" \/>\n<meta name=\"author\" content=\"Pierre\" \/>\n<meta name=\"twitter:card\" content=\"summary_large_image\" \/>\n<meta name=\"twitter:label1\" content=\"\u00c9crit par\" \/>\n\t<meta name=\"twitter:data1\" content=\"Pierre\" \/>\n\t<meta name=\"twitter:label2\" content=\"Dur\u00e9e de lecture estim\u00e9e\" \/>\n\t<meta name=\"twitter:data2\" content=\"8 minutes\" \/>\n<script type=\"application\/ld+json\" class=\"yoast-schema-graph\">{\"@context\":\"https:\/\/schema.org\",\"@graph\":[{\"@type\":\"Article\",\"@id\":\"https:\/\/bring4you.com\/blog\/2025\/07\/28\/revenir-ou-arriver-en-france-un-demenagement-et-bien-plus\/#article\",\"isPartOf\":{\"@id\":\"https:\/\/bring4you.com\/blog\/2025\/07\/28\/revenir-ou-arriver-en-france-un-demenagement-et-bien-plus\/\"},\"author\":{\"name\":\"Pierre\",\"@id\":\"https:\/\/bring4you.com\/blog\/#\/schema\/person\/9525d65d3a46138e4b1cc59257ff430c\"},\"headline\":\"Revenir ou arriver en France : un d\u00e9m\u00e9nagement\u2026 et bien plus !\",\"datePublished\":\"2025-07-28T11:42:36+00:00\",\"dateModified\":\"2025-10-28T21:36:26+00:00\",\"mainEntityOfPage\":{\"@id\":\"https:\/\/bring4you.com\/blog\/2025\/07\/28\/revenir-ou-arriver-en-france-un-demenagement-et-bien-plus\/\"},\"wordCount\":1597,\"commentCount\":0,\"publisher\":{\"@id\":\"https:\/\/bring4you.com\/blog\/#organization\"},\"image\":{\"@id\":\"https:\/\/bring4you.com\/blog\/2025\/07\/28\/revenir-ou-arriver-en-france-un-demenagement-et-bien-plus\/#primaryimage\"},\"thumbnailUrl\":\"https:\/\/bring4you.com\/blog\/wp-content\/uploads\/2025\/07\/revenir-en-france.jpg\",\"articleSection\":[\"D\u00e9marches\"],\"inLanguage\":\"fr-FR\",\"potentialAction\":[{\"@type\":\"CommentAction\",\"name\":\"Comment\",\"target\":[\"https:\/\/bring4you.com\/blog\/2025\/07\/28\/revenir-ou-arriver-en-france-un-demenagement-et-bien-plus\/#respond\"]}]},{\"@type\":\"WebPage\",\"@id\":\"https:\/\/bring4you.com\/blog\/2025\/07\/28\/revenir-ou-arriver-en-france-un-demenagement-et-bien-plus\/\",\"url\":\"https:\/\/bring4you.com\/blog\/2025\/07\/28\/revenir-ou-arriver-en-france-un-demenagement-et-bien-plus\/\",\"name\":\"Revenir ou arriver en France : un d\u00e9m\u00e9nagement\u2026 et bien plus ! - Bring4You\",\"isPartOf\":{\"@id\":\"https:\/\/bring4you.com\/blog\/#website\"},\"primaryImageOfPage\":{\"@id\":\"https:\/\/bring4you.com\/blog\/2025\/07\/28\/revenir-ou-arriver-en-france-un-demenagement-et-bien-plus\/#primaryimage\"},\"image\":{\"@id\":\"https:\/\/bring4you.com\/blog\/2025\/07\/28\/revenir-ou-arriver-en-france-un-demenagement-et-bien-plus\/#primaryimage\"},\"thumbnailUrl\":\"https:\/\/bring4you.com\/blog\/wp-content\/uploads\/2025\/07\/revenir-en-france.jpg\",\"datePublished\":\"2025-07-28T11:42:36+00:00\",\"dateModified\":\"2025-10-28T21:36:26+00:00\",\"description\":\"Chaque ann\u00e9e, plus de 120 000 salari\u00e9s \u00e9trangers ou binationaux sont accueillis en France dans le cadre d\u2019une mutation ou d\u2019un recrutement international\",\"breadcrumb\":{\"@id\":\"https:\/\/bring4you.com\/blog\/2025\/07\/28\/revenir-ou-arriver-en-france-un-demenagement-et-bien-plus\/#breadcrumb\"},\"inLanguage\":\"fr-FR\",\"potentialAction\":[{\"@type\":\"ReadAction\",\"target\":[\"https:\/\/bring4you.com\/blog\/2025\/07\/28\/revenir-ou-arriver-en-france-un-demenagement-et-bien-plus\/\"]}]},{\"@type\":\"ImageObject\",\"inLanguage\":\"fr-FR\",\"@id\":\"https:\/\/bring4you.com\/blog\/2025\/07\/28\/revenir-ou-arriver-en-france-un-demenagement-et-bien-plus\/#primaryimage\",\"url\":\"https:\/\/bring4you.com\/blog\/wp-content\/uploads\/2025\/07\/revenir-en-france.jpg\",\"contentUrl\":\"https:\/\/bring4you.com\/blog\/wp-content\/uploads\/2025\/07\/revenir-en-france.jpg\",\"width\":900,\"height\":900},{\"@type\":\"BreadcrumbList\",\"@id\":\"https:\/\/bring4you.com\/blog\/2025\/07\/28\/revenir-ou-arriver-en-france-un-demenagement-et-bien-plus\/#breadcrumb\",\"itemListElement\":[{\"@type\":\"ListItem\",\"position\":1,\"name\":\"Accueil\",\"item\":\"https:\/\/bring4you.com\/blog\/\"},{\"@type\":\"ListItem\",\"position\":2,\"name\":\"Revenir ou arriver en France : un d\u00e9m\u00e9nagement\u2026 et bien plus !\"}]},{\"@type\":\"WebSite\",\"@id\":\"https:\/\/bring4you.com\/blog\/#website\",\"url\":\"https:\/\/bring4you.com\/blog\/\",\"name\":\"Bring4You\",\"description\":\"D\u00e9m\u00e9nagement\",\"publisher\":{\"@id\":\"https:\/\/bring4you.com\/blog\/#organization\"},\"potentialAction\":[{\"@type\":\"SearchAction\",\"target\":{\"@type\":\"EntryPoint\",\"urlTemplate\":\"https:\/\/bring4you.com\/blog\/?s={search_term_string}\"},\"query-input\":{\"@type\":\"PropertyValueSpecification\",\"valueRequired\":true,\"valueName\":\"search_term_string\"}}],\"inLanguage\":\"fr-FR\"},{\"@type\":\"Organization\",\"@id\":\"https:\/\/bring4you.com\/blog\/#organization\",\"name\":\"Bring4You\",\"alternateName\":\"D\u00e9m\u00e9nageur France et international\",\"url\":\"https:\/\/bring4you.com\/blog\/\",\"logo\":{\"@type\":\"ImageObject\",\"inLanguage\":\"fr-FR\",\"@id\":\"https:\/\/bring4you.com\/blog\/#\/schema\/logo\/image\/\",\"url\":\"https:\/\/bring4you.com\/blog\/wp-content\/uploads\/2024\/11\/logo-blanc.svg\",\"contentUrl\":\"https:\/\/bring4you.com\/blog\/wp-content\/uploads\/2024\/11\/logo-blanc.svg\",\"width\":190,\"height\":36,\"caption\":\"Bring4You\"},\"image\":{\"@id\":\"https:\/\/bring4you.com\/blog\/#\/schema\/logo\/image\/\"},\"sameAs\":[\"https:\/\/www.facebook.com\/ibring4you\"]},{\"@type\":\"Person\",\"@id\":\"https:\/\/bring4you.com\/blog\/#\/schema\/person\/9525d65d3a46138e4b1cc59257ff430c\",\"name\":\"Pierre\",\"image\":{\"@type\":\"ImageObject\",\"inLanguage\":\"fr-FR\",\"@id\":\"https:\/\/bring4you.com\/blog\/#\/schema\/person\/image\/\",\"url\":\"https:\/\/secure.gravatar.com\/avatar\/4b213025fcf4e575b3d8c5e983cc41bbfc71c798554b2d784f45f8c989d3c2d8?s=96&d=mm&r=g\",\"contentUrl\":\"https:\/\/secure.gravatar.com\/avatar\/4b213025fcf4e575b3d8c5e983cc41bbfc71c798554b2d784f45f8c989d3c2d8?s=96&d=mm&r=g\",\"caption\":\"Pierre\"},\"description\":\"Pierre Mayeul, le virtuose des mots et r\u00e9dacteur en chef du blog de Bring4You, transforme chaque sujet en un article captivant. Toujours \u00e0 l'aff\u00fbt des derni\u00e8res tendances, il met sa plume au service de vos projets de d\u00e9m\u00e9nagement. Quand il ne r\u00e9dige pas, Pierre aime explorer de nouveaux horizons, tester de nouvelles id\u00e9es, et bien s\u00fbr, pr\u00e9parer son prochain article avec une tasse de caf\u00e9 \u00e0 la main.\"}]}<\/script>\n<!-- \/ Yoast SEO plugin. -->","yoast_head_json":{"title":"Revenir ou arriver en France : un d\u00e9m\u00e9nagement\u2026 et bien plus ! - Bring4You","description":"Chaque ann\u00e9e, plus de 120 000 salari\u00e9s \u00e9trangers ou binationaux sont accueillis en France dans le cadre d\u2019une mutation ou d\u2019un recrutement international","robots":{"index":"index","follow":"follow","max-snippet":"max-snippet:-1","max-image-preview":"max-image-preview:large","max-video-preview":"max-video-preview:-1"},"canonical":"https:\/\/bring4you.com\/blog\/2025\/07\/28\/revenir-ou-arriver-en-france-un-demenagement-et-bien-plus\/","og_locale":"fr_FR","og_type":"article","og_title":"Revenir ou arriver en France : un d\u00e9m\u00e9nagement\u2026 et bien plus ! - Bring4You","og_description":"Chaque ann\u00e9e, plus de 120 000 salari\u00e9s \u00e9trangers ou binationaux sont accueillis en France dans le cadre d\u2019une mutation ou d\u2019un recrutement international","og_url":"https:\/\/bring4you.com\/blog\/2025\/07\/28\/revenir-ou-arriver-en-france-un-demenagement-et-bien-plus\/","og_site_name":"Bring4You","article_publisher":"https:\/\/www.facebook.com\/ibring4you","article_published_time":"2025-07-28T11:42:36+00:00","article_modified_time":"2025-10-28T21:36:26+00:00","og_image":[{"width":900,"height":900,"url":"https:\/\/bring4you.com\/blog\/wp-content\/uploads\/2025\/07\/revenir-en-france.jpg","type":"image\/jpeg"}],"author":"Pierre","twitter_card":"summary_large_image","twitter_misc":{"\u00c9crit par":"Pierre","Dur\u00e9e de lecture estim\u00e9e":"8 minutes"},"schema":{"@context":"https:\/\/schema.org","@graph":[{"@type":"Article","@id":"https:\/\/bring4you.com\/blog\/2025\/07\/28\/revenir-ou-arriver-en-france-un-demenagement-et-bien-plus\/#article","isPartOf":{"@id":"https:\/\/bring4you.com\/blog\/2025\/07\/28\/revenir-ou-arriver-en-france-un-demenagement-et-bien-plus\/"},"author":{"name":"Pierre","@id":"https:\/\/bring4you.com\/blog\/#\/schema\/person\/9525d65d3a46138e4b1cc59257ff430c"},"headline":"Revenir ou arriver en France : un d\u00e9m\u00e9nagement\u2026 et bien plus !","datePublished":"2025-07-28T11:42:36+00:00","dateModified":"2025-10-28T21:36:26+00:00","mainEntityOfPage":{"@id":"https:\/\/bring4you.com\/blog\/2025\/07\/28\/revenir-ou-arriver-en-france-un-demenagement-et-bien-plus\/"},"wordCount":1597,"commentCount":0,"publisher":{"@id":"https:\/\/bring4you.com\/blog\/#organization"},"image":{"@id":"https:\/\/bring4you.com\/blog\/2025\/07\/28\/revenir-ou-arriver-en-france-un-demenagement-et-bien-plus\/#primaryimage"},"thumbnailUrl":"https:\/\/bring4you.com\/blog\/wp-content\/uploads\/2025\/07\/revenir-en-france.jpg","articleSection":["D\u00e9marches"],"inLanguage":"fr-FR","potentialAction":[{"@type":"CommentAction","name":"Comment","target":["https:\/\/bring4you.com\/blog\/2025\/07\/28\/revenir-ou-arriver-en-france-un-demenagement-et-bien-plus\/#respond"]}]},{"@type":"WebPage","@id":"https:\/\/bring4you.com\/blog\/2025\/07\/28\/revenir-ou-arriver-en-france-un-demenagement-et-bien-plus\/","url":"https:\/\/bring4you.com\/blog\/2025\/07\/28\/revenir-ou-arriver-en-france-un-demenagement-et-bien-plus\/","name":"Revenir ou arriver en France : un d\u00e9m\u00e9nagement\u2026 et bien plus ! - Bring4You","isPartOf":{"@id":"https:\/\/bring4you.com\/blog\/#website"},"primaryImageOfPage":{"@id":"https:\/\/bring4you.com\/blog\/2025\/07\/28\/revenir-ou-arriver-en-france-un-demenagement-et-bien-plus\/#primaryimage"},"image":{"@id":"https:\/\/bring4you.com\/blog\/2025\/07\/28\/revenir-ou-arriver-en-france-un-demenagement-et-bien-plus\/#primaryimage"},"thumbnailUrl":"https:\/\/bring4you.com\/blog\/wp-content\/uploads\/2025\/07\/revenir-en-france.jpg","datePublished":"2025-07-28T11:42:36+00:00","dateModified":"2025-10-28T21:36:26+00:00","description":"Chaque ann\u00e9e, plus de 120 000 salari\u00e9s \u00e9trangers ou binationaux sont accueillis en France dans le cadre d\u2019une mutation ou d\u2019un recrutement international","breadcrumb":{"@id":"https:\/\/bring4you.com\/blog\/2025\/07\/28\/revenir-ou-arriver-en-france-un-demenagement-et-bien-plus\/#breadcrumb"},"inLanguage":"fr-FR","potentialAction":[{"@type":"ReadAction","target":["https:\/\/bring4you.com\/blog\/2025\/07\/28\/revenir-ou-arriver-en-france-un-demenagement-et-bien-plus\/"]}]},{"@type":"ImageObject","inLanguage":"fr-FR","@id":"https:\/\/bring4you.com\/blog\/2025\/07\/28\/revenir-ou-arriver-en-france-un-demenagement-et-bien-plus\/#primaryimage","url":"https:\/\/bring4you.com\/blog\/wp-content\/uploads\/2025\/07\/revenir-en-france.jpg","contentUrl":"https:\/\/bring4you.com\/blog\/wp-content\/uploads\/2025\/07\/revenir-en-france.jpg","width":900,"height":900},{"@type":"BreadcrumbList","@id":"https:\/\/bring4you.com\/blog\/2025\/07\/28\/revenir-ou-arriver-en-france-un-demenagement-et-bien-plus\/#breadcrumb","itemListElement":[{"@type":"ListItem","position":1,"name":"Accueil","item":"https:\/\/bring4you.com\/blog\/"},{"@type":"ListItem","position":2,"name":"Revenir ou arriver en France : un d\u00e9m\u00e9nagement\u2026 et bien plus !"}]},{"@type":"WebSite","@id":"https:\/\/bring4you.com\/blog\/#website","url":"https:\/\/bring4you.com\/blog\/","name":"Bring4You","description":"D\u00e9m\u00e9nagement","publisher":{"@id":"https:\/\/bring4you.com\/blog\/#organization"},"potentialAction":[{"@type":"SearchAction","target":{"@type":"EntryPoint","urlTemplate":"https:\/\/bring4you.com\/blog\/?s={search_term_string}"},"query-input":{"@type":"PropertyValueSpecification","valueRequired":true,"valueName":"search_term_string"}}],"inLanguage":"fr-FR"},{"@type":"Organization","@id":"https:\/\/bring4you.com\/blog\/#organization","name":"Bring4You","alternateName":"D\u00e9m\u00e9nageur France et international","url":"https:\/\/bring4you.com\/blog\/","logo":{"@type":"ImageObject","inLanguage":"fr-FR","@id":"https:\/\/bring4you.com\/blog\/#\/schema\/logo\/image\/","url":"https:\/\/bring4you.com\/blog\/wp-content\/uploads\/2024\/11\/logo-blanc.svg","contentUrl":"https:\/\/bring4you.com\/blog\/wp-content\/uploads\/2024\/11\/logo-blanc.svg","width":190,"height":36,"caption":"Bring4You"},"image":{"@id":"https:\/\/bring4you.com\/blog\/#\/schema\/logo\/image\/"},"sameAs":["https:\/\/www.facebook.com\/ibring4you"]},{"@type":"Person","@id":"https:\/\/bring4you.com\/blog\/#\/schema\/person\/9525d65d3a46138e4b1cc59257ff430c","name":"Pierre","image":{"@type":"ImageObject","inLanguage":"fr-FR","@id":"https:\/\/bring4you.com\/blog\/#\/schema\/person\/image\/","url":"https:\/\/secure.gravatar.com\/avatar\/4b213025fcf4e575b3d8c5e983cc41bbfc71c798554b2d784f45f8c989d3c2d8?s=96&d=mm&r=g","contentUrl":"https:\/\/secure.gravatar.com\/avatar\/4b213025fcf4e575b3d8c5e983cc41bbfc71c798554b2d784f45f8c989d3c2d8?s=96&d=mm&r=g","caption":"Pierre"},"description":"Pierre Mayeul, le virtuose des mots et r\u00e9dacteur en chef du blog de Bring4You, transforme chaque sujet en un article captivant. Toujours \u00e0 l'aff\u00fbt des derni\u00e8res tendances, il met sa plume au service de vos projets de d\u00e9m\u00e9nagement. Quand il ne r\u00e9dige pas, Pierre aime explorer de nouveaux horizons, tester de nouvelles id\u00e9es, et bien s\u00fbr, pr\u00e9parer son prochain article avec une tasse de caf\u00e9 \u00e0 la main."}]}},"_links":{"self":[{"href":"https:\/\/bring4you.com\/blog\/wp-json\/wp\/v2\/posts\/3117","targetHints":{"allow":["GET"]}}],"collection":[{"href":"https:\/\/bring4you.com\/blog\/wp-json\/wp\/v2\/posts"}],"about":[{"href":"https:\/\/bring4you.com\/blog\/wp-json\/wp\/v2\/types\/post"}],"author":[{"embeddable":true,"href":"https:\/\/bring4you.com\/blog\/wp-json\/wp\/v2\/users\/3"}],"replies":[{"embeddable":true,"href":"https:\/\/bring4you.com\/blog\/wp-json\/wp\/v2\/comments?post=3117"}],"version-history":[{"count":2,"href":"https:\/\/bring4you.com\/blog\/wp-json\/wp\/v2\/posts\/3117\/revisions"}],"predecessor-version":[{"id":3415,"href":"https:\/\/bring4you.com\/blog\/wp-json\/wp\/v2\/posts\/3117\/revisions\/3415"}],"wp:featuredmedia":[{"embeddable":true,"href":"https:\/\/bring4you.com\/blog\/wp-json\/wp\/v2\/media\/3118"}],"wp:attachment":[{"href":"https:\/\/bring4you.com\/blog\/wp-json\/wp\/v2\/media?parent=3117"}],"wp:term":[{"taxonomy":"category","embeddable":true,"href":"https:\/\/bring4you.com\/blog\/wp-json\/wp\/v2\/categories?post=3117"},{"taxonomy":"post_tag","embeddable":true,"href":"https:\/\/bring4you.com\/blog\/wp-json\/wp\/v2\/tags?post=3117"}],"curies":[{"name":"wp","href":"https:\/\/api.w.org\/{rel}","templated":true}]}}