{"id":1609,"date":"2026-04-10T07:02:45","date_gmt":"2026-04-10T07:02:45","guid":{"rendered":"https:\/\/bring4you.com\/blog\/?p=1609"},"modified":"2026-04-10T21:48:54","modified_gmt":"2026-04-10T21:48:54","slug":"top-10-meilleures-villes-ou-sinstaller-en-belgique-en-2026","status":"publish","type":"post","link":"https:\/\/bring4you.com\/blog\/2026\/04\/10\/top-10-meilleures-villes-ou-sinstaller-en-belgique-en-2026\/","title":{"rendered":"Les meilleures villes o\u00f9 s&rsquo;installer en Belgique en 2026"},"content":{"rendered":"\t\t<div data-elementor-type=\"wp-post\" data-elementor-id=\"1609\" class=\"elementor elementor-1609\" data-elementor-post-type=\"post\">\n\t\t\t\t<div class=\"elementor-element elementor-element-465544f6 e-flex e-con-boxed e-con e-parent\" data-id=\"465544f6\" data-element_type=\"container\">\n\t\t\t\t\t<div class=\"e-con-inner\">\n\t\t\t\t<div class=\"elementor-element elementor-element-5ea87d6 elementor-widget elementor-widget-text-editor\" data-id=\"5ea87d6\" data-element_type=\"widget\" data-widget_type=\"text-editor.default\">\n\t\t\t\t\t\t\t\t\t<p>Chaque ann\u00e9e, environ 15 000 Fran\u00e7ais s&rsquo;installent en Belgique. Les profils sont vari\u00e9s : jeunes dipl\u00f4m\u00e9s qui d\u00e9crochent un job dans les institutions europ\u00e9ennes \u00e0 Bruxelles, familles qui cherchent un cadre de vie plus tranquille, retrait\u00e9s attir\u00e9s par la fiscalit\u00e9 belge, travailleurs frontaliers qui vivent en France et bossent en Belgique.<\/p><p>La Belgique a plusieurs atouts : elle est \u00e0 20 km de la fronti\u00e8re fran\u00e7aise (Lille-Bruxelles, c&rsquo;est 1h10 en train), elle parle fran\u00e7ais (au moins en Wallonie et \u00e0 Bruxelles) et elle offre des opportunit\u00e9s professionnelles int\u00e9ressantes, notamment dans l&rsquo;administration europ\u00e9enne, la finance, la chimie et la logistique.<\/p><blockquote><p><em><strong>Mais attention : s&rsquo;installer en Belgique, ce n&rsquo;est pas juste traverser la fronti\u00e8re avec un camion. Il y a des vraies diff\u00e9rences fiscales, administratives et culturelles. On vous aide \u00e0 choisir la bonne ville selon votre situation.<\/strong><\/em><\/p><\/blockquote>\t\t\t\t\t\t\t\t<\/div>\n\t\t\t\t<div class=\"elementor-element elementor-element-78cc574 elementor-align-center elementor-widget elementor-widget-button\" data-id=\"78cc574\" data-element_type=\"widget\" data-widget_type=\"button.default\">\n\t\t\t\t\t\t\t\t\t\t<a class=\"elementor-button elementor-button-link elementor-size-sm elementor-animation-grow\" href=\"https:\/\/bring4you.com\/blog\/2024\/07\/30\/comment-demenager-en-belgique\/\">\n\t\t\t\t\t\t<span class=\"elementor-button-content-wrapper\">\n\t\t\t\t\t\t\t\t\t<span class=\"elementor-button-text\">Pr\u00e9parez votre d\u00e9m\u00e9nagement en Belgique avec Bring4You<\/span>\n\t\t\t\t\t<\/span>\n\t\t\t\t\t<\/a>\n\t\t\t\t\t\t\t\t<\/div>\n\t\t\t\t\t<\/div>\n\t\t\t\t<\/div>\n\t\t<div class=\"elementor-element elementor-element-c296da0 e-flex e-con-boxed e-con e-parent\" data-id=\"c296da0\" data-element_type=\"container\" data-settings=\"{&quot;background_background&quot;:&quot;classic&quot;}\">\n\t\t\t\t\t<div class=\"e-con-inner\">\n\t\t\t\t<div class=\"elementor-element elementor-element-ffecd0b elementor-widget elementor-widget-html\" data-id=\"ffecd0b\" data-element_type=\"widget\" data-widget_type=\"html.default\">\n\t\t\t\t\t\n<style>\n*{box-sizing:border-box;margin:0;padding:0}\n.sim{font-family:var(--font-sans);max-width:680px;margin:0 auto;padding:1.5rem 0}\nh2.sim-title{font-size:18px;font-weight:500;color:var(--color-text-primary);margin-bottom:4px}\np.sim-sub{font-size:14px;color:var(--color-text-secondary);margin-bottom:1.5rem}\n.step{display:none}\n.step.active{display:block}\n.q-label{font-size:13px;font-weight:500;color:var(--color-text-secondary);text-transform:uppercase;letter-spacing:.04em;margin-bottom:10px}\n.q-title{font-size:16px;font-weight:500;color:var(--color-text-primary);margin-bottom:1rem}\n.choices{display:grid;grid-template-columns:1fr 1fr;gap:10px}\n.choices.solo{grid-template-columns:1fr}\n.choice{background:var(--color-background-primary);border:0.5px solid var(--color-border-secondary);border-radius:var(--border-radius-lg);padding:14px 16px;cursor:pointer;transition:border-color .15s,background .15s;text-align:left}\n.choice:hover{background:var(--color-background-secondary);border-color:var(--color-border-primary)}\n.choice.selected{border:2px solid #378ADD;background:var(--color-background-info)}\n.choice-icon{font-size:20px;display:block;margin-bottom:6px}\n.choice-label{font-size:14px;font-weight:500;color:#fff;display:block}\n.choice-hint{font-size:12px;color:#fff;margin-top:3px;display:block}\n.nav{display:flex;align-items:center;justify-content:space-between;margin-top:1.5rem}\n.btn{background:var(--color-background-primary);border:0.5px solid var(--color-border-secondary);border-radius:var(--border-radius-md);padding:9px 18px;font-size:14px;cursor:pointer;color:var(--color-text-primary)}\n.btn:hover{background:#E7A03C;}\n.btn.primary{background:#378ADD;border-color:#378ADD;color:#fff}\n.btn.primary:hover{background:#185FA5;border-color:#185FA5}\n.btn:disabled{opacity:.35;cursor:default}\n.progress{display:flex;gap:6px;align-items:center}\n.dot{width:7px;height:7px;border-radius:50%;background:var(--color-border-secondary)}\n.dot.done{background:#378ADD}\n.dot.current{background:#378ADD;outline:2px solid #B5D4F4;outline-offset:1px}\n.result-card{background:var(--color-background-primary);border:0.5px solid var(--color-border-secondary);border-radius:var(--border-radius-lg);padding:1.25rem;margin-bottom:12px}\n.result-card.top{border:2px solid #378ADD}\n.city-name{font-size:18px;font-weight:500;color:var(--color-text-primary)}\n.city-tag{display:inline-block;background:var(--color-background-info);color:#0C447C;font-size:12px;padding:3px 10px;border-radius:var(--border-radius-md);margin-bottom:10px}\n.city-match{font-size:13px;color:var(--color-text-secondary);line-height:1.6}\n.city-pros{margin-top:10px;font-size:13px;color:var(--color-text-primary)}\n.city-pros span{display:inline-block;background:var(--color-background-secondary);border-radius:var(--border-radius-md);padding:3px 9px;margin:3px 3px 0 0;font-size:12px}\n.warn-box{background:var(--color-background-warning);border:0.5px solid var(--color-border-warning);border-radius:var(--border-radius-md);padding:12px 14px;font-size:13px;color:var(--color-text-warning);margin-bottom:12px}\n.results-grid{display:grid;gap:10px}\n.restart-row{margin-top:1rem;text-align:center}\n.match-bar{height:4px;background:var(--color-background-secondary);border-radius:2px;margin:8px 0 10px;overflow:hidden}\n.match-fill{height:100%;background:#378ADD;border-radius:2px;transition:width .6s ease}\n.badge-top{font-size:11px;font-weight:500;background:#378ADD;color:#fff;border-radius:var(--border-radius-md);padding:2px 8px;margin-left:8px;vertical-align:middle}\n<\/style>\n\n<div class=\"sim\">\n<h2 class=\"sr-only\">Simulateur de choix de ville en Belgique selon votre profil<\/h2>\n<h2 class=\"sim-title\">Quelle ville belge vous correspond ?<\/h2>\n<p class=\"sim-sub\">4 questions pour trouver votre meilleure destination en Belgique.<\/p>\n\n<div class=\"step active\" id=\"s0\">\n  <p class=\"q-label\">Question 1 \/ 4<\/p>\n  <p class=\"q-title\">Quelle est votre situation de vie actuelle ?<\/p>\n  <div class=\"choices\">\n    <button class=\"choice\" onclick=\"pick(0,0,this)\">\n      <span class=\"choice-icon\">\ud83d\udc64<\/span>\n      <span class=\"choice-label\">Seul(e) ou en couple<\/span>\n      <span class=\"choice-hint\">Sans enfants \u00e0 charge<\/span>\n    <\/button>\n    <button class=\"choice\" onclick=\"pick(0,1,this)\">\n      <span class=\"choice-icon\">\ud83d\udc68\u200d\ud83d\udc69\u200d\ud83d\udc67\u200d\ud83d\udc66<\/span>\n      <span class=\"choice-label\">Famille avec enfants<\/span>\n      <span class=\"choice-hint\">\u00c9coles et cadre de vie primordiaux<\/span>\n    <\/button>\n    <button class=\"choice\" onclick=\"pick(0,2,this)\">\n      <span class=\"choice-icon\">\ud83d\udc74<\/span>\n      <span class=\"choice-label\">Retrait\u00e9(e)<\/span>\n      <span class=\"choice-hint\">Qualit\u00e9 de vie et tranquillit\u00e9<\/span>\n    <\/button>\n    <button class=\"choice\" onclick=\"pick(0,3,this)\">\n      <span class=\"choice-icon\">\ud83c\udf93<\/span>\n      <span class=\"choice-label\">\u00c9tudiant(e)<\/span>\n      <span class=\"choice-hint\">Campus, vie \u00e9tudiante<\/span>\n    <\/button>\n  <\/div>\n  <div class=\"nav\">\n    <span><\/span>\n    <div style=\"display:flex;align-items:center;gap:12px\">\n      <div class=\"progress\">\n        <span class=\"dot current\" id=\"d0\"><\/span>\n        <span class=\"dot\" id=\"d1\"><\/span>\n        <span class=\"dot\" id=\"d2\"><\/span>\n        <span class=\"dot\" id=\"d3\"><\/span>\n      <\/div>\n      <button class=\"btn primary\" id=\"next0\" onclick=\"goTo(1)\" disabled>Suivant \u2192<\/button>\n    <\/div>\n  <\/div>\n<\/div>\n\n<div class=\"step\" id=\"s1\">\n  <p class=\"q-label\">Question 2 \/ 4<\/p>\n  <p class=\"q-title\">Quelle est votre situation professionnelle en Belgique ?<\/p>\n  <div class=\"choices\">\n    <button class=\"choice\" onclick=\"pick(1,0,this)\">\n      <span class=\"choice-icon\">\ud83c\udfe2<\/span>\n      <span class=\"choice-label\">Salari\u00e9(e) \/ emploi local<\/span>\n      <span class=\"choice-hint\">CDI ou mission dans une entreprise belge<\/span>\n    <\/button>\n    <button class=\"choice\" onclick=\"pick(1,1,this)\">\n      <span class=\"choice-icon\">\ud83c\udf10<\/span>\n      <span class=\"choice-label\">T\u00e9l\u00e9travail \/ remote<\/span>\n      <span class=\"choice-hint\">Employeur en France ou \u00e0 l'\u00e9tranger<\/span>\n    <\/button>\n    <button class=\"choice\" onclick=\"pick(1,2,this)\">\n      <span class=\"choice-icon\">\ud83d\udd04<\/span>\n      <span class=\"choice-label\">Frontalier<\/span>\n      <span class=\"choice-hint\">Je travaille c\u00f4t\u00e9 fran\u00e7ais, je vis en Belgique<\/span>\n    <\/button>\n    <button class=\"choice\" onclick=\"pick(1,3,this)\">\n      <span class=\"choice-icon\">\ud83e\uddd1\u200d\ud83d\udcbc<\/span>\n      <span class=\"choice-label\">Ind\u00e9pendant \/ entrepreneur<\/span>\n      <span class=\"choice-hint\">Freelance ou cr\u00e9ation d'activit\u00e9<\/span>\n    <\/button>\n  <\/div>\n  <div class=\"nav\">\n    <button class=\"btn\" onclick=\"goTo(0)\">\u2190 Retour<\/button>\n    <div style=\"display:flex;align-items:center;gap:12px\">\n      <div class=\"progress\">\n        <span class=\"dot done\" id=\"d0b\"><\/span>\n        <span class=\"dot current\" id=\"d1b\"><\/span>\n        <span class=\"dot\" id=\"d2b\"><\/span>\n        <span class=\"dot\" id=\"d3b\"><\/span>\n      <\/div>\n      <button class=\"btn primary\" id=\"next1\" onclick=\"goTo(2)\" disabled>Suivant \u2192<\/button>\n    <\/div>\n  <\/div>\n<\/div>\n\n<div class=\"step\" id=\"s2\">\n  <p class=\"q-label\">Question 3 \/ 4<\/p>\n  <p class=\"q-title\">Quel cadre de vie vous attire le plus ?<\/p>\n  <div class=\"choices\">\n    <button class=\"choice\" onclick=\"pick(2,0,this)\">\n      <span class=\"choice-icon\">\ud83c\udf06<\/span>\n      <span class=\"choice-label\">Grande ville dynamique<\/span>\n      <span class=\"choice-hint\">Effervescence, culture, restaurants, sorties<\/span>\n    <\/button>\n    <button class=\"choice\" onclick=\"pick(2,1,this)\">\n      <span class=\"choice-icon\">\ud83c\udfd8\ufe0f<\/span>\n      <span class=\"choice-label\">Ville \u00e0 taille humaine<\/span>\n      <span class=\"choice-hint\">Calme relatif, tout accessible \u00e0 pied ou \u00e0 v\u00e9lo<\/span>\n    <\/button>\n    <button class=\"choice\" onclick=\"pick(2,2,this)\">\n      <span class=\"choice-icon\">\ud83c\udf3f<\/span>\n      <span class=\"choice-label\">P\u00e9riph\u00e9rie \/ banlieue verte<\/span>\n      <span class=\"choice-hint\">Maison avec jardin, calme, bon acc\u00e8s en train<\/span>\n    <\/button>\n    <button class=\"choice\" onclick=\"pick(2,3,this)\">\n      <span class=\"choice-icon\">\ud83c\udff0<\/span>\n      <span class=\"choice-label\">Ville historique et touristique<\/span>\n      <span class=\"choice-hint\">Patrimoine, architecture, cadre unique<\/span>\n    <\/button>\n  <\/div>\n  <div class=\"nav\">\n    <button class=\"btn\" onclick=\"goTo(1)\">\u2190 Retour<\/button>\n    <div style=\"display:flex;align-items:center;gap:12px\">\n      <div class=\"progress\">\n        <span class=\"dot done\"><\/span>\n        <span class=\"dot done\"><\/span>\n        <span class=\"dot current\"><\/span>\n        <span class=\"dot\"><\/span>\n      <\/div>\n      <button class=\"btn primary\" id=\"next2\" onclick=\"goTo(3)\" disabled>Suivant \u2192<\/button>\n    <\/div>\n  <\/div>\n<\/div>\n\n<div class=\"step\" id=\"s3\">\n  <p class=\"q-label\">Question 4 \/ 4<\/p>\n  <p class=\"q-title\">Votre priorit\u00e9 num\u00e9ro 1 pour votre installation ?<\/p>\n  <div class=\"choices\">\n    <button class=\"choice\" onclick=\"pick(3,0,this)\">\n      <span class=\"choice-icon\">\ud83d\udcb6<\/span>\n      <span class=\"choice-label\">Budget \/ co\u00fbt de la vie<\/span>\n      <span class=\"choice-hint\">Loyer abordable, vie moins ch\u00e8re<\/span>\n    <\/button>\n    <button class=\"choice\" onclick=\"pick(3,1,this)\">\n      <span class=\"choice-icon\">\ud83d\udcbc<\/span>\n      <span class=\"choice-label\">Opportunit\u00e9s professionnelles<\/span>\n      <span class=\"choice-hint\">R\u00e9seau, secteurs porteurs, carri\u00e8re<\/span>\n    <\/button>\n    <button class=\"choice\" onclick=\"pick(3,2,this)\">\n      <span class=\"choice-icon\">\ud83d\ude86<\/span>\n      <span class=\"choice-label\">Connexions \/ mobilit\u00e9<\/span>\n      <span class=\"choice-hint\">TGV, Eurostar, transports vers Paris ou Londres<\/span>\n    <\/button>\n    <button class=\"choice\" onclick=\"pick(3,3,this)\">\n      <span class=\"choice-icon\">\ud83c\udfeb<\/span>\n      <span class=\"choice-label\">Qualit\u00e9 de vie \/ \u00e9ducation<\/span>\n      <span class=\"choice-hint\">\u00c9coles, s\u00e9curit\u00e9, espaces verts<\/span>\n    <\/button>\n  <\/div>\n  <div class=\"nav\">\n    <button class=\"btn\" onclick=\"goTo(2)\">\u2190 Retour<\/button>\n    <div style=\"display:flex;align-items:center;gap:12px\">\n      <div class=\"progress\">\n        <span class=\"dot done\"><\/span>\n        <span class=\"dot done\"><\/span>\n        <span class=\"dot done\"><\/span>\n        <span class=\"dot current\"><\/span>\n      <\/div>\n      <button class=\"btn primary\" id=\"next3\" onclick=\"showResult()\" disabled>Voir mon r\u00e9sultat \u2192<\/button>\n    <\/div>\n  <\/div>\n<\/div>\n\n<div class=\"step\" id=\"sresult\">\n  <p class=\"q-label\">Votre r\u00e9sultat personnalis\u00e9<\/p>\n  <div id=\"result-content\"><\/div>\n  <div class=\"restart-row\">\n    <button class=\"btn\" onclick=\"restart()\">\u21a9 Recommencer<\/button>\n  <\/div>\n<\/div>\n<\/div>\n\n<script>\nconst answers = [null,null,null,null];\n\nconst cities = {\n  bruxelles:{name:\"Bruxelles\",tag:\"Capitale europ\u00e9enne\",desc:\"Le hub incontournable pour les profils actifs, internationaux et ambitieux. March\u00e9 de l'emploi le plus profond de Belgique, mais loyers \u00e9lev\u00e9s (T2 : 1 000\u20131 400 \u20ac\/mois dans les communes centrales).\",pros:[\"Institutions UE\",\"Finance & consulting\",\"A\u00e9roport international\",\"Vie culturelle dense\"],warn:null},\n  gand:{name:\"Gand\",tag:\"Ville universitaire & tech\",desc:\"L'\u00e9quilibre parfait entre dynamisme et qualit\u00e9 de vie. Moins ch\u00e8re que Bruxelles, tr\u00e8s cyclable, forte sc\u00e8ne startup et cr\u00e9ative. Id\u00e9ale pour les actifs qui fuient la pression de la capitale.\",pros:[\"Startup & tech\",\"Tr\u00e8s cyclable\",\"Loyers raisonnables\",\"Vie \u00e9tudiante active\"],warn:null},\n  anvers:{name:\"Anvers\",tag:\"\u00c9conomie & mode\",desc:\"2e ville de Belgique, premier port europ\u00e9en. Fort secteur logistique, mode, diamants et industrie chimique. Vie nocturne anim\u00e9e, architecture flamande remarquable.\",pros:[\"Port & logistique\",\"Mode internationale\",\"Bonne connexion TGV\",\"Architecture unique\"],warn:null},\n  liege:{name:\"Li\u00e8ge\",tag:\"Budget & accessibilit\u00e9\",desc:\"La ville wallonne la plus abordable des grandes agglom\u00e9rations. Loyers tr\u00e8s bas (T2 d\u00e8s 600 \u20ac), population jeune, sc\u00e8ne culturelle underground et universit\u00e9 r\u00e9put\u00e9e.\",pros:[\"Loyer tr\u00e8s bas\",\"Universit\u00e9 de Li\u00e8ge\",\"Gare TGV vers Paris\",\"Esprit convivial\"],warn:null},\n  louvain:{name:\"Louvain (Leuven)\",tag:\"Famille & universit\u00e9\",desc:\"Ville universitaire calme \u00e0 20 min de Bruxelles en train. Tr\u00e8s familiale, s\u00fbre, avec d'excellentes \u00e9coles. Id\u00e9ale si vous travaillez \u00e0 Bruxelles mais cherchez un cadre de vie plus serein.\",pros:[\"20 min de Bruxelles\",\"Excellentes \u00e9coles\",\"Tr\u00e8s s\u00fbre\",\"KU Leuven mondialement connue\"],warn:null},\n  malines:{name:\"Malines\",tag:\"Entre Bruxelles et Anvers\",desc:\"Souvent sous-estim\u00e9e, Malines est id\u00e9alement plac\u00e9e entre les deux grandes villes flamandes. Familiale, historique, avec un immobilier encore accessible et un centre-ville charmant.\",pros:[\"Situation g\u00e9ographique id\u00e9ale\",\"Prix immobilier raisonnable\",\"Tr\u00e8s familiale\",\"Cadre historique\"],warn:null},\n  bruges:{name:\"Bruges\",tag:\"Cadre unique & tourisme\",desc:\"Exceptionnel sur le plan esth\u00e9tique, mais \u00e0 double tranchant : l'afflux touristique massif peut peser sur la vie quotidienne. Id\u00e9ale pour les retrait\u00e9s ou t\u00e9l\u00e9travailleurs qui cherchent le calme et le beau.\",pros:[\"Patrimoine UNESCO\",\"Tr\u00e8s s\u00fbre\",\"Qualit\u00e9 de vie \u00e9lev\u00e9e\",\"Bonne connexion ferroviaire\"],warn:\"Attention : la saturation touristique et les prix immobiliers en hausse peuvent surprendre.\"},\n  mons:{name:\"Mons\",tag:\"Frontaliers & budget\",desc:\"Parfaite pour les frontaliers venant de la r\u00e9gion de Valenciennes ou Maubeuge. Ville en reconversion dynamique, loyers tr\u00e8s abordables, et bonne qualit\u00e9 de vie wallonne.\",pros:[\"Id\u00e9ale pour frontaliers\",\"Loyers accessibles\",\"Dynamisme culturel croissant\",\"Bonne connexion vers Paris\"],warn:null},\n  namur:{name:\"Namur\",tag:\"Retraite & tranquillit\u00e9\",desc:\"Capitale de la Wallonie, Namur s\u00e9duit par son rythme de vie pos\u00e9 et ses paysages entre Meuse et Ardenne. Cadre de vie agr\u00e9able, co\u00fbt de la vie bas, services publics complets.\",pros:[\"Cadre naturel remarquable\",\"Co\u00fbt de la vie bas\",\"Calme et s\u00e9curit\u00e9\",\"Bons services de sant\u00e9\"],warn:\"La fiscalit\u00e9 belge sur les pensions fran\u00e7aises m\u00e9rite une analyse pr\u00e9alable avec un comptable sp\u00e9cialis\u00e9.\"},\n  charleroi:{name:\"Charleroi\",tag:\"Ultra-accessible & frontalier\",desc:\"La ville la moins ch\u00e8re de Belgique, et pourtant bien desservie (a\u00e9roport Ryanair, gare vers Bruxelles en 50 min). En pleine reconversion urbaine. Id\u00e9ale pour les petits budgets ou les frontaliers du Hainaut.\",pros:[\"Loyers tr\u00e8s bas\",\"A\u00e9roport Charleroi (Ryanair)\",\"Frontaliers Maubeuge\/Avesnes\",\"Reconversion en cours\"],warn:\"Ville en mutation : certains quartiers restent d\u00e9grad\u00e9s. \u00c0 visiter avant de d\u00e9cider.\"}\n};\n\nfunction score(){\n  const s=answers, res={};\n  Object.keys(cities).forEach(c=>res[c]=0);\n  \/\/ Situation de vie\n  if(s[0]===0){res.bruxelles+=3;res.gand+=2;res.anvers+=2;res.liege+=1}\n  if(s[0]===1){res.louvain+=4;res.malines+=3;res.gand+=2;res.bruxelles+=1;res.namur+=2;res.bruges+=1}\n  if(s[0]===2){res.namur+=4;res.bruges+=3;res.mons+=2;res.liege+=2;res.charleroi+=1}\n  if(s[0]===3){res.gand+=4;res.liege+=3;res.louvain+=3;res.bruxelles+=2}\n  \/\/ Situation pro\n  if(s[1]===0){res.bruxelles+=3;res.anvers+=3;res.gand+=2;res.liege+=1;res.mons+=1}\n  if(s[1]===1){res.bruges+=3;res.namur+=3;res.gand+=2;res.liege+=2;res.malines+=1}\n  if(s[1]===2){res.mons+=4;res.charleroi+=4;res.liege+=2;res.namur+=1}\n  if(s[1]===3){res.gand+=3;res.bruxelles+=3;res.anvers+=2;res.liege+=2;res.louvain+=1}\n  \/\/ Cadre de vie\n  if(s[2]===0){res.bruxelles+=3;res.anvers+=3;res.gand+=2;res.liege+=2}\n  if(s[2]===1){res.gand+=3;res.louvain+=3;res.malines+=2;res.liege+=2;res.namur+=1}\n  if(s[2]===2){res.malines+=3;res.louvain+=3;res.namur+=2;res.mons+=2;res.charleroi+=1}\n  if(s[2]===3){res.bruges+=4;res.malines+=2;res.gand+=2;res.namur+=1}\n  \/\/ Priorit\u00e9\n  if(s[3]===0){res.liege+=3;res.charleroi+=4;res.mons+=3;res.namur+=2}\n  if(s[3]===1){res.bruxelles+=4;res.anvers+=3;res.gand+=3;res.louvain+=1}\n  if(s[3]===2){res.bruxelles+=3;res.liege+=2;res.mons+=2;res.anvers+=2;res.gand+=1}\n  if(s[3]===3){res.louvain+=4;res.malines+=3;res.namur+=3;res.bruges+=2;res.gand+=1}\n  return res;\n}\n\nfunction showResult(){\n  const res=score();\n  const sorted=Object.entries(res).sort((a,b)=>b[1]-a[1]);\n  const max=sorted[0][1];\n  const top3=sorted.slice(0,3);\n  let html='';\n  top3.forEach(([key,val],i)=>{\n    const c=cities[key];\n    const pct=Math.round((val\/max)*100);\n    const isTop=i===0;\n    html+=`<div class=\"result-card${isTop?' top':''}\">`;\n    if(isTop) html+=`<p style=\"font-size:12px;font-weight:500;color:#185FA5;margin-bottom:6px\">MEILLEURE CORRESPONDANCE<\/p>`;\n    html+=`<p class=\"city-name\">${c.name}${isTop?'<span class=\"badge-top\">n\u00b01<\/span>':''}<\/p>`;\n    html+=`<span class=\"city-tag\">${c.tag}<\/span>`;\n    html+=`<div class=\"match-bar\"><div class=\"match-fill\" style=\"width:${pct}%\"><\/div><\/div>`;\n    html+=`<p class=\"city-match\">${c.desc}<\/p>`;\n    if(c.warn) html+=`<div class=\"warn-box\" style=\"margin-top:10px\">${c.warn}<\/div>`;\n    html+=`<div class=\"city-pros\">${c.pros.map(p=>`<span>${p}<\/span>`).join('')}<\/div>`;\n    html+='<\/div>';\n  });\n  html+=`<div style=\"margin-top:1rem;padding:12px 14px;background:var(--color-background-secondary);border-radius:var(--border-radius-md);font-size:13px;color:var(--color-text-secondary)\">Ces r\u00e9sultats sont indicatifs. Chaque situation est unique \u2014 un devis de d\u00e9m\u00e9nagement et une visite sur place restent indispensables avant de d\u00e9cider.<\/div>`;\n  document.getElementById('result-content').innerHTML=html;\n  goTo('result');\n  setTimeout(()=>{\n    document.querySelectorAll('.match-fill').forEach(el=>{\n      const w=el.style.width; el.style.width='0'; \n      requestAnimationFrame(()=>requestAnimationFrame(()=>el.style.width=w));\n    });\n  },100);\n}\n\nfunction pick(q,v,el){\n  answers[q]=v;\n  el.closest('.choices').querySelectorAll('.choice').forEach(c=>c.classList.remove('selected'));\n  el.classList.add('selected');\n  const nb=document.getElementById('next'+q);\n  if(nb) nb.disabled=false;\n}\n\nfunction goTo(n){\n  document.querySelectorAll('.step').forEach(s=>s.classList.remove('active'));\n  if(n==='result'){document.getElementById('sresult').classList.add('active');return;}\n  document.getElementById('s'+n).classList.add('active');\n}\n\nfunction restart(){\n  answers.fill(null);\n  document.querySelectorAll('.choice').forEach(c=>c.classList.remove('selected'));\n  ['next0','next1','next2','next3'].forEach(id=>{const el=document.getElementById(id);if(el)el.disabled=true;});\n  goTo(0);\n}\n<\/script>\n\t\t\t\t<\/div>\n\t\t\t\t\t<\/div>\n\t\t\t\t<\/div>\n\t\t<div class=\"elementor-element elementor-element-fbe1e1d e-flex e-con-boxed e-con e-parent\" data-id=\"fbe1e1d\" data-element_type=\"container\">\n\t\t\t\t\t<div class=\"e-con-inner\">\n\t\t\t\t<div class=\"elementor-element elementor-element-1645941 elementor-widget elementor-widget-text-editor\" data-id=\"1645941\" data-element_type=\"widget\" data-widget_type=\"text-editor.default\">\n\t\t\t\t\t\t\t\t\t<h2 style=\"text-align: center;\"><strong>Les 6 villes o\u00f9 les Fran\u00e7ais s&rsquo;installent le plus<\/strong><\/h2>\t\t\t\t\t\t\t\t<\/div>\n\t\t\t\t\t<\/div>\n\t\t\t\t<\/div>\n\t\t<div class=\"elementor-element elementor-element-93d4b61 e-flex e-con-boxed e-con e-parent\" data-id=\"93d4b61\" data-element_type=\"container\">\n\t\t\t\t\t<div class=\"e-con-inner\">\n\t\t<div class=\"elementor-element elementor-element-f837d43 e-con-full e-flex e-con e-child\" data-id=\"f837d43\" data-element_type=\"container\">\n\t\t\t\t<div class=\"elementor-element elementor-element-a995739 elementor-headline--style-highlight elementor-widget elementor-widget-animated-headline\" data-id=\"a995739\" data-element_type=\"widget\" data-settings=\"{&quot;highlighted_text&quot;:&quot;#1.&quot;,&quot;marker&quot;:&quot;double_underline&quot;,&quot;headline_style&quot;:&quot;highlight&quot;,&quot;loop&quot;:&quot;yes&quot;,&quot;highlight_animation_duration&quot;:1200,&quot;highlight_iteration_delay&quot;:8000}\" data-widget_type=\"animated-headline.default\">\n\t\t\t\t\t\t\t<h2 class=\"elementor-headline\">\n\t\t\t\t<span class=\"elementor-headline-dynamic-wrapper elementor-headline-text-wrapper\">\n\t\t\t\t\t<span class=\"elementor-headline-dynamic-text elementor-headline-text-active\">#1.<\/span>\n\t\t\t\t<\/span>\n\t\t\t\t\t<span class=\"elementor-headline-plain-text elementor-headline-text-wrapper\">Bruxelles<\/span>\n\t\t\t\t\t<\/h2>\n\t\t\t\t\t\t<\/div>\n\t\t\t\t<\/div>\n\t\t<div class=\"elementor-element elementor-element-3a4e510 e-con-full e-flex e-con e-child\" data-id=\"3a4e510\" data-element_type=\"container\" data-settings=\"{&quot;background_background&quot;:&quot;slideshow&quot;,&quot;background_slideshow_gallery&quot;:[{&quot;id&quot;:6384,&quot;url&quot;:&quot;https:\\\/\\\/bring4you.com\\\/blog\\\/wp-content\\\/uploads\\\/2026\\\/04\\\/bruxelles.jpg&quot;}],&quot;background_slideshow_loop&quot;:&quot;yes&quot;,&quot;background_slideshow_slide_duration&quot;:5000,&quot;background_slideshow_slide_transition&quot;:&quot;fade&quot;,&quot;background_slideshow_transition_duration&quot;:500}\">\n\t\t\t\t<\/div>\n\t\t<div class=\"elementor-element elementor-element-8b1e9df e-con-full e-flex e-con e-child\" data-id=\"8b1e9df\" data-element_type=\"container\">\n\t\t\t\t<div class=\"elementor-element elementor-element-f4414ed elementor-widget elementor-widget-text-editor\" data-id=\"f4414ed\" data-element_type=\"widget\" data-widget_type=\"text-editor.default\">\n\t\t\t\t\t\t\t\t\t<h3 style=\"text-align: center;\"><strong>La capitale europ\u00e9enne (et ses loyers de capitale)<\/strong><\/h3><p><strong>Population<\/strong> : 1,2 million d&rsquo;habitants (agglom\u00e9ration) <strong>Loyer moyen<\/strong> : 950 \u20ac \u00e0 1 400 \u20ac pour un 2 pi\u00e8ces (50-60 m\u00b2) selon le quartier <strong>Salaire m\u00e9dian<\/strong> : 3 200 \u20ac brut\/mois <strong>Langue<\/strong> : Fran\u00e7ais + n\u00e9erlandais (bilingue officiel mais fran\u00e7ais largement dominant)<\/p><p>Bruxelles concentre environ 40 % des Fran\u00e7ais qui s&rsquo;installent en Belgique. C&rsquo;est logique : c&rsquo;est l\u00e0 que sont les institutions europ\u00e9ennes (Commission, Parlement, Conseil), l&rsquo;OTAN et des centaines d&rsquo;entreprises internationales. Le march\u00e9 de l&#8217;emploi y est dense, surtout dans l&rsquo;administration, la finance, le consulting, les affaires publiques et le lobbying.<\/p><p><strong>Les quartiers o\u00f9 chercher<\/strong> :<\/p><ul><li><strong>Ixelles<\/strong> : jeune, cosmopolite, restos\/bars, proche ULB. Loyer \u00e9lev\u00e9 (1 100-1 400 \u20ac pour un 2 pi\u00e8ces).<\/li><li><strong>Etterbeek \/ Woluwe<\/strong> : calme, familial, proche institutions europ\u00e9ennes. Plus cher (1 200-1 500 \u20ac).<\/li><li><strong>Saint-Gilles \/ Forest<\/strong> : en gentrification, arty, loyers encore accessibles (900-1 100 \u20ac).<\/li><li><strong>Schaerbeek<\/strong> : populaire, multiculturel, loyers bas (750-950 \u20ac) mais quartiers \u00e0 s\u00e9lectionner.<\/li><\/ul><p><strong>Co\u00fbt de la vie<\/strong> : Comparable \u00e0 Paris en centre, un peu moins cher en p\u00e9riph\u00e9rie. Courses alimentaires 10-15 % moins ch\u00e8res qu&rsquo;en France. Restaurants similaires. Transport public abordable (49 \u20ac\/mois abonnement STIB illimit\u00e9).<\/p><p><strong>Ce qu&rsquo;il faut savoir<\/strong> :<\/p><ul><li>&#8211; Bruxelles est une ville fragment\u00e9e en 19 communes. Chaque commune a ses r\u00e8gles, ses taxes, ses services. Saint-Gilles n&rsquo;est pas Woluwe. Renseignez-vous avant de choisir.<\/li><li>&#8211; Les frais d&rsquo;agence immobili\u00e8re (800-1 200 \u20ac) et la garantie locative (2-3 mois de loyer) sont \u00e0 pr\u00e9voir au moment de l&rsquo;installation.<\/li><li>&#8211; Le march\u00e9 locatif est tendu. Un bon appart part en 48h. Soyez r\u00e9actifs.<\/li><\/ul>\t\t\t\t\t\t\t\t<\/div>\n\t\t\t\t<\/div>\n\t\t<div class=\"elementor-element elementor-element-be1189a e-con-full e-flex e-con e-child\" data-id=\"be1189a\" data-element_type=\"container\" data-settings=\"{&quot;background_background&quot;:&quot;classic&quot;}\">\n\t\t\t\t<div class=\"elementor-element elementor-element-198ac45 elementor-blockquote--skin-border elementor-blockquote--button-color-official elementor-widget elementor-widget-blockquote\" data-id=\"198ac45\" data-element_type=\"widget\" data-widget_type=\"blockquote.default\">\n\t\t\t\t\t\t\t<blockquote class=\"elementor-blockquote\">\n\t\t\t<p class=\"elementor-blockquote__content\">\n\t\t\t\t<strong>Verdict pour qui ?<\/strong>\n<br>Jeunes actifs dans l'admin europ\u00e9enne, finance, consulting. Moins adapt\u00e9 aux familles (loyers \u00e9lev\u00e9s, \u00e9coles publiques variables selon les communes).\t\t\t<\/p>\n\t\t\t\t\t<\/blockquote>\n\t\t\t\t\t\t<\/div>\n\t\t\t\t<\/div>\n\t\t\t\t\t<\/div>\n\t\t\t\t<\/div>\n\t\t<div class=\"elementor-element elementor-element-84b65b9 e-flex e-con-boxed e-con e-parent\" data-id=\"84b65b9\" data-element_type=\"container\">\n\t\t\t\t\t<div class=\"e-con-inner\">\n\t\t<div class=\"elementor-element elementor-element-555ec3a e-con-full e-flex e-con e-child\" data-id=\"555ec3a\" data-element_type=\"container\">\n\t\t\t\t<div class=\"elementor-element elementor-element-d59be1e elementor-headline--style-highlight elementor-widget elementor-widget-animated-headline\" data-id=\"d59be1e\" data-element_type=\"widget\" data-settings=\"{&quot;highlighted_text&quot;:&quot;#2.&quot;,&quot;marker&quot;:&quot;double_underline&quot;,&quot;headline_style&quot;:&quot;highlight&quot;,&quot;loop&quot;:&quot;yes&quot;,&quot;highlight_animation_duration&quot;:1200,&quot;highlight_iteration_delay&quot;:8000}\" data-widget_type=\"animated-headline.default\">\n\t\t\t\t\t\t\t<h2 class=\"elementor-headline\">\n\t\t\t\t<span class=\"elementor-headline-dynamic-wrapper elementor-headline-text-wrapper\">\n\t\t\t\t\t<span class=\"elementor-headline-dynamic-text elementor-headline-text-active\">#2.<\/span>\n\t\t\t\t<\/span>\n\t\t\t\t\t<span class=\"elementor-headline-plain-text elementor-headline-text-wrapper\">Anvers<\/span>\n\t\t\t\t\t<\/h2>\n\t\t\t\t\t\t<\/div>\n\t\t\t\t<\/div>\n\t\t<div class=\"elementor-element elementor-element-3031174 e-con-full e-flex e-con e-child\" data-id=\"3031174\" data-element_type=\"container\" data-settings=\"{&quot;background_background&quot;:&quot;slideshow&quot;,&quot;background_slideshow_gallery&quot;:[{&quot;id&quot;:6385,&quot;url&quot;:&quot;https:\\\/\\\/bring4you.com\\\/blog\\\/wp-content\\\/uploads\\\/2026\\\/04\\\/Anvers.jpg&quot;}],&quot;background_slideshow_loop&quot;:&quot;yes&quot;,&quot;background_slideshow_slide_duration&quot;:5000,&quot;background_slideshow_slide_transition&quot;:&quot;fade&quot;,&quot;background_slideshow_transition_duration&quot;:500}\">\n\t\t\t\t<\/div>\n\t\t<div class=\"elementor-element elementor-element-08b5b16 e-con-full e-flex e-con e-child\" data-id=\"08b5b16\" data-element_type=\"container\">\n\t\t\t\t<div class=\"elementor-element elementor-element-5f9c2ac elementor-widget elementor-widget-text-editor\" data-id=\"5f9c2ac\" data-element_type=\"widget\" data-widget_type=\"text-editor.default\">\n\t\t\t\t\t\t\t\t\t<h3 style=\"text-align: center;\"><strong>Le port, la mode et les diamants<\/strong><\/h3><p><strong>Population<\/strong> : 530 000 habitants <strong>Loyer moyen<\/strong> : 750 \u20ac \u00e0 1 100 \u20ac pour un 2 pi\u00e8ces <strong>Salaire m\u00e9dian<\/strong> : 3 000 \u20ac brut\/mois <strong>Langue<\/strong> : N\u00e9erlandais (francophone minoritaire)<\/p><p>Anvers est la deuxi\u00e8me ville de Belgique et le deuxi\u00e8me port d&rsquo;Europe apr\u00e8s Rotterdam. C&rsquo;est une ville \u00e9conomiquement dynamique, avec des secteurs porteurs : logistique portuaire, chimie (BASF, Bayer), mode et design, diamant (80 % du commerce mondial de diamants bruts passe par Anvers).<\/p><p>La ville attire des profils internationaux, notamment dans le secteur cr\u00e9atif. L&rsquo;Acad\u00e9mie royale des beaux-arts d&rsquo;Anvers est r\u00e9put\u00e9e mondialement. Beaucoup de Fran\u00e7ais viennent pour le travail portuaire ou la chimie.<\/p><p><strong>Co\u00fbt de la vie<\/strong> : 20-25 % moins cher que Bruxelles. Les loyers sont corrects pour une ville de cette taille. Courses et restos abordables.<\/p><p><strong>Probl\u00e8me<\/strong> : Anvers est en Flandre. La langue officielle est le n\u00e9erlandais. Les francophones y sont minoritaires (contrairement \u00e0 Bruxelles). Si vous ne parlez pas n\u00e9erlandais, vous aurez du mal \u00e0 vous int\u00e9grer professionnellement et socialement. Les Anversois parlent anglais mais attendent que vous fassiez l&rsquo;effort d&rsquo;apprendre le n\u00e9erlandais.<\/p>\t\t\t\t\t\t\t\t<\/div>\n\t\t\t\t<\/div>\n\t\t<div class=\"elementor-element elementor-element-3a574fb e-con-full e-flex e-con e-child\" data-id=\"3a574fb\" data-element_type=\"container\" data-settings=\"{&quot;background_background&quot;:&quot;classic&quot;}\">\n\t\t\t\t<div class=\"elementor-element elementor-element-2644ec6 elementor-blockquote--skin-border elementor-blockquote--button-color-official elementor-widget elementor-widget-blockquote\" data-id=\"2644ec6\" data-element_type=\"widget\" data-widget_type=\"blockquote.default\">\n\t\t\t\t\t\t\t<blockquote class=\"elementor-blockquote\">\n\t\t\t<p class=\"elementor-blockquote__content\">\n\t\t\t\t<strong>Verdict pour qui ?<\/strong>\n<br>Jeunes actifs dans la logistique, la chimie, la mode. \u00c0 condition de parler n\u00e9erlandais ou d'\u00eatre pr\u00eat \u00e0 l'apprendre rapidement.\t\t\t<\/p>\n\t\t\t\t\t<\/blockquote>\n\t\t\t\t\t\t<\/div>\n\t\t\t\t<\/div>\n\t\t\t\t\t<\/div>\n\t\t\t\t<\/div>\n\t\t<div class=\"elementor-element elementor-element-4fef3fa e-flex e-con-boxed e-con e-parent\" data-id=\"4fef3fa\" data-element_type=\"container\" data-settings=\"{&quot;background_background&quot;:&quot;classic&quot;}\">\n\t\t\t\t\t<div class=\"e-con-inner\">\n\t\t<div class=\"elementor-element elementor-element-49e1317 e-con-full e-flex e-con e-child\" data-id=\"49e1317\" data-element_type=\"container\">\n\t\t\t\t<div class=\"elementor-element elementor-element-57b1fc3 elementor-headline--style-highlight elementor-widget elementor-widget-animated-headline\" data-id=\"57b1fc3\" data-element_type=\"widget\" data-settings=\"{&quot;highlighted_text&quot;:&quot; en Belgique&quot;,&quot;marker&quot;:&quot;double_underline&quot;,&quot;headline_style&quot;:&quot;highlight&quot;,&quot;loop&quot;:&quot;yes&quot;,&quot;highlight_animation_duration&quot;:1200,&quot;highlight_iteration_delay&quot;:8000}\" data-widget_type=\"animated-headline.default\">\n\t\t\t\t\t\t\t<h2 class=\"elementor-headline\">\n\t\t\t\t\t<span class=\"elementor-headline-plain-text elementor-headline-text-wrapper\">Les aspects pratiques de l\u2019installation<\/span>\n\t\t\t\t<span class=\"elementor-headline-dynamic-wrapper elementor-headline-text-wrapper\">\n\t\t\t\t\t<span class=\"elementor-headline-dynamic-text elementor-headline-text-active\"> en Belgique<\/span>\n\t\t\t\t<\/span>\n\t\t\t\t<\/h2>\n\t\t\t\t\t\t<\/div>\n\t\t\t\t<div class=\"elementor-element elementor-element-e4238bb elementor-widget elementor-widget-text-editor\" data-id=\"e4238bb\" data-element_type=\"widget\" data-widget_type=\"text-editor.default\">\n\t\t\t\t\t\t\t\t\t<p>S\u2019installer en Belgique implique plusieurs d\u00e9marches administratives essentielles, comme l\u2019obtention d\u2019un visa et d\u2019un permis de s\u00e9jour, ainsi que l\u2019enregistrement aupr\u00e8s des autorit\u00e9s locales. Une bonne pr\u00e9paration vous aidera \u00e0 aborder ce processus sereinement. Ce guide pratique vous accompagne pas \u00e0 pas pour faciliter votre installation et vous permettre de profiter pleinement de votre nouvelle vie en Belgique.<\/p><h3>Processus pour les visas et permis de s\u00e9jour<\/h3><p>Le processus d\u2019obtention d\u2019un visa ou d\u2019un permis de s\u00e9jour en Belgique d\u00e9pend de votre nationalit\u00e9. Les citoyens de l\u2019Union europ\u00e9enne n\u2019ont pas besoin de visa, mais doivent s\u2019enregistrer apr\u00e8s trois mois de r\u00e9sidence. Les ressortissants non europ\u00e9ens doivent obtenir un visa avant d\u2019entrer en Belgique, souvent un visa de travail ou un visa de regroupement familial. Ce processus comprend des documents comme un contrat de travail ou une preuve de ressources financi\u00e8res suffisantes, et peut prendre plusieurs semaines, voire des mois.<\/p><h3>Enregistrement aupr\u00e8s des autorit\u00e9s belges<\/h3><p>Apr\u00e8s votre arriv\u00e9e en Belgique, il est essentiel de vous enregistrer aupr\u00e8s de la commune o\u00f9 vous r\u00e9sidez. Cet enregistrement doit \u00eatre fait dans les huit jours suivant votre installation. Il vous permettra d\u2019obtenir une carte de r\u00e9sidence ou une carte d\u2019identit\u00e9 belge. Ce processus implique g\u00e9n\u00e9ralement une visite de contr\u00f4le \u00e0 domicile par la police locale, afin de confirmer votre r\u00e9sidence, suivie d\u2019une visite \u00e0 l\u2019administration communale pour compl\u00e9ter les formalit\u00e9s administratives.<\/p><h2>S\u2019int\u00e9grer en Belgique<\/h2><p>S\u2019int\u00e9grer en Belgique n\u00e9cessite une compr\u00e9hension des particularit\u00e9s linguistiques et culturelles du pays. Avec ses trois langues officielles, le pays peut sembler complexe, mais l\u2019apprentissage de la langue et la participation aux activit\u00e9s locales facilitent l\u2019adaptation. Ce guide vous fournit des conseils pratiques pour vous int\u00e9grer rapidement et profiter pleinement de la richesse culturelle et sociale de la Belgique.<\/p><h3>Apprentissage des langues (n\u00e9erlandais, fran\u00e7ais, allemand)<\/h3><p>La Belgique est un pays multilingue, avec trois langues officielles : le n\u00e9erlandais, le fran\u00e7ais et l\u2019allemand. L\u2019apprentissage de la langue locale d\u00e9pend de la r\u00e9gion o\u00f9 vous vous installez. En Flandre, le n\u00e9erlandais est la langue principale, tandis qu\u2019en Wallonie, le fran\u00e7ais est dominant. Dans la r\u00e9gion germanophone, l\u2019allemand est la langue officielle. Ma\u00eetriser la langue locale vous aidera \u00e0 mieux vous int\u00e9grer, tant au niveau professionnel que social. De nombreuses options de cours de langue sont disponibles, tant en ligne qu\u2019en pr\u00e9sentiel.<\/p><h3>Participation \u00e0 des activit\u00e9s sociales et culturelles<\/h3><p>S\u2019int\u00e9grer en Belgique passe par une participation active \u00e0 la vie sociale et culturelle. Que ce soit par le biais de clubs sportifs, d\u2019associations locales ou de festivals, vous aurez de nombreuses occasions de rencontrer des Belges et d\u2019autres expatri\u00e9s. Participer \u00e0 des \u00e9v\u00e9nements culturels, comme les f\u00eates locales, est un excellent moyen de d\u00e9couvrir la richesse des traditions belges. Ces activit\u00e9s permettent non seulement de se faire des amis, mais aussi de mieux comprendre la culture belge et ses diff\u00e9rentes communaut\u00e9s.<\/p>\t\t\t\t\t\t\t\t<\/div>\n\t\t\t\t<\/div>\n\t\t\t\t\t<\/div>\n\t\t\t\t<\/div>\n\t\t<div class=\"elementor-element elementor-element-5727236 e-flex e-con-boxed e-con e-parent\" data-id=\"5727236\" data-element_type=\"container\">\n\t\t\t\t\t<div class=\"e-con-inner\">\n\t\t<div class=\"elementor-element elementor-element-87ebbaa e-con-full e-flex e-con e-child\" data-id=\"87ebbaa\" data-element_type=\"container\">\n\t\t\t\t<div class=\"elementor-element elementor-element-c14b8ad elementor-headline--style-highlight elementor-widget elementor-widget-animated-headline\" data-id=\"c14b8ad\" data-element_type=\"widget\" data-settings=\"{&quot;highlighted_text&quot;:&quot;#3.&quot;,&quot;marker&quot;:&quot;double_underline&quot;,&quot;headline_style&quot;:&quot;highlight&quot;,&quot;loop&quot;:&quot;yes&quot;,&quot;highlight_animation_duration&quot;:1200,&quot;highlight_iteration_delay&quot;:8000}\" data-widget_type=\"animated-headline.default\">\n\t\t\t\t\t\t\t<h2 class=\"elementor-headline\">\n\t\t\t\t<span class=\"elementor-headline-dynamic-wrapper elementor-headline-text-wrapper\">\n\t\t\t\t\t<span class=\"elementor-headline-dynamic-text elementor-headline-text-active\">#3.<\/span>\n\t\t\t\t<\/span>\n\t\t\t\t\t<span class=\"elementor-headline-plain-text elementor-headline-text-wrapper\">Louvain<\/span>\n\t\t\t\t\t<\/h2>\n\t\t\t\t\t\t<\/div>\n\t\t\t\t<\/div>\n\t\t<div class=\"elementor-element elementor-element-a27d202 e-con-full e-flex e-con e-child\" data-id=\"a27d202\" data-element_type=\"container\" data-settings=\"{&quot;background_background&quot;:&quot;slideshow&quot;,&quot;background_slideshow_gallery&quot;:[{&quot;id&quot;:6386,&quot;url&quot;:&quot;https:\\\/\\\/bring4you.com\\\/blog\\\/wp-content\\\/uploads\\\/2026\\\/04\\\/Louvain.jpg&quot;}],&quot;background_slideshow_loop&quot;:&quot;yes&quot;,&quot;background_slideshow_slide_duration&quot;:5000,&quot;background_slideshow_slide_transition&quot;:&quot;fade&quot;,&quot;background_slideshow_transition_duration&quot;:500}\">\n\t\t\t\t<\/div>\n\t\t<div class=\"elementor-element elementor-element-dbd15a0 e-con-full e-flex e-con e-child\" data-id=\"dbd15a0\" data-element_type=\"container\">\n\t\t\t\t<div class=\"elementor-element elementor-element-7ce8c27 elementor-widget elementor-widget-text-editor\" data-id=\"7ce8c27\" data-element_type=\"widget\" data-widget_type=\"text-editor.default\">\n\t\t\t\t\t\t\t\t\t<h3 style=\"text-align: center;\"><strong>20 minutes de Bruxelles, moiti\u00e9 prix<\/strong><\/h3><p><strong>Population<\/strong> : 100 000 habitants (dont 50 000 \u00e9tudiants) <strong>Loyer moyen<\/strong> : 600 \u20ac \u00e0 850 \u20ac pour un 2 pi\u00e8ces <strong>Salaire m\u00e9dian<\/strong> : 2 700 \u20ac brut\/mois <strong>Langue<\/strong> : N\u00e9erlandais<\/p><p>Louvain (Leuven en n\u00e9erlandais) est une ville universitaire \u00e0 25 km de Bruxelles. C&rsquo;est devenu le bon plan pour ceux qui travaillent \u00e0 Bruxelles mais ne veulent pas payer les loyers bruxellois. Train direct Louvain-Bruxelles en 20 minutes.<\/p><p>La ville est calme, s\u00e9curis\u00e9e, avec une ambiance \u00e9tudiante (l&rsquo;Universit\u00e9 catholique de Louvain est une des plus anciennes d&rsquo;Europe). Beaucoup de familles fran\u00e7aises s&rsquo;y installent pour les \u00e9coles et le cadre de vie, tout en gardant leur job \u00e0 Bruxelles.<\/p><p><strong>Co\u00fbt de la vie<\/strong> : Tr\u00e8s raisonnable. Loyers 30-40 % moins chers qu&rsquo;\u00e0 Bruxelles. Qualit\u00e9 de vie \u00e9lev\u00e9e.<\/p><p><strong>Probl\u00e8me<\/strong> : Ville n\u00e9erlandophone. Si vous ne parlez pas n\u00e9erlandais, int\u00e9gration difficile.<\/p>\t\t\t\t\t\t\t\t<\/div>\n\t\t\t\t<\/div>\n\t\t<div class=\"elementor-element elementor-element-7e61323 e-con-full e-flex e-con e-child\" data-id=\"7e61323\" data-element_type=\"container\" data-settings=\"{&quot;background_background&quot;:&quot;classic&quot;}\">\n\t\t\t\t<div class=\"elementor-element elementor-element-e7a3602 elementor-blockquote--skin-border elementor-blockquote--button-color-official elementor-widget elementor-widget-blockquote\" data-id=\"e7a3602\" data-element_type=\"widget\" data-widget_type=\"blockquote.default\">\n\t\t\t\t\t\t\t<blockquote class=\"elementor-blockquote\">\n\t\t\t<p class=\"elementor-blockquote__content\">\n\t\t\t\t<strong>Verdict pour qui ?<\/strong>\n<br>Familles qui travaillent \u00e0 Bruxelles, ou jeunes actifs pr\u00eats \u00e0 faire 40 minutes de trajet\/jour pour diviser leur loyer par deux.\t\t\t<\/p>\n\t\t\t\t\t<\/blockquote>\n\t\t\t\t\t\t<\/div>\n\t\t\t\t<\/div>\n\t\t\t\t\t<\/div>\n\t\t\t\t<\/div>\n\t\t<div class=\"elementor-element elementor-element-19af7bd e-flex e-con-boxed e-con e-parent\" data-id=\"19af7bd\" data-element_type=\"container\">\n\t\t\t\t\t<div class=\"e-con-inner\">\n\t\t<div class=\"elementor-element elementor-element-9736ebd e-con-full e-flex e-con e-child\" data-id=\"9736ebd\" data-element_type=\"container\">\n\t\t\t\t<div class=\"elementor-element elementor-element-c237c39 elementor-headline--style-highlight elementor-widget elementor-widget-animated-headline\" data-id=\"c237c39\" data-element_type=\"widget\" data-settings=\"{&quot;highlighted_text&quot;:&quot;#4.&quot;,&quot;marker&quot;:&quot;double_underline&quot;,&quot;headline_style&quot;:&quot;highlight&quot;,&quot;loop&quot;:&quot;yes&quot;,&quot;highlight_animation_duration&quot;:1200,&quot;highlight_iteration_delay&quot;:8000}\" data-widget_type=\"animated-headline.default\">\n\t\t\t\t\t\t\t<h2 class=\"elementor-headline\">\n\t\t\t\t<span class=\"elementor-headline-dynamic-wrapper elementor-headline-text-wrapper\">\n\t\t\t\t\t<span class=\"elementor-headline-dynamic-text elementor-headline-text-active\">#4.<\/span>\n\t\t\t\t<\/span>\n\t\t\t\t\t<span class=\"elementor-headline-plain-text elementor-headline-text-wrapper\">Li\u00e8ge<\/span>\n\t\t\t\t\t<\/h2>\n\t\t\t\t\t\t<\/div>\n\t\t\t\t<\/div>\n\t\t<div class=\"elementor-element elementor-element-b096e8e e-con-full e-flex e-con e-child\" data-id=\"b096e8e\" data-element_type=\"container\" data-settings=\"{&quot;background_background&quot;:&quot;slideshow&quot;,&quot;background_slideshow_gallery&quot;:[{&quot;id&quot;:6387,&quot;url&quot;:&quot;https:\\\/\\\/bring4you.com\\\/blog\\\/wp-content\\\/uploads\\\/2026\\\/04\\\/Liege.jpg&quot;}],&quot;background_slideshow_loop&quot;:&quot;yes&quot;,&quot;background_slideshow_slide_duration&quot;:5000,&quot;background_slideshow_slide_transition&quot;:&quot;fade&quot;,&quot;background_slideshow_transition_duration&quot;:500}\">\n\t\t\t\t<\/div>\n\t\t<div class=\"elementor-element elementor-element-fde8401 e-con-full e-flex e-con e-child\" data-id=\"fde8401\" data-element_type=\"container\">\n\t\t\t\t<div class=\"elementor-element elementor-element-0466da9 elementor-widget elementor-widget-text-editor\" data-id=\"0466da9\" data-element_type=\"widget\" data-widget_type=\"text-editor.default\">\n\t\t\t\t\t\t\t\t\t<h3 style=\"text-align: center;\"><strong>la Wallonie industrielle qui se r\u00e9invente<\/strong><\/h3><p><strong>Population<\/strong> : 200 000 habitants <strong>Loyer moyen<\/strong> : 550 \u20ac \u00e0 800 \u20ac pour un 2 pi\u00e8ces <strong>Salaire m\u00e9dian<\/strong> : 2 500 \u20ac brut\/mois <strong>Langue<\/strong> : Fran\u00e7ais<\/p><p>Li\u00e8ge est la grande ville francophone de Wallonie (avec Charleroi). Historiquement industrielle (sid\u00e9rurgie, charbon), elle se r\u00e9invente aujourd&rsquo;hui autour de la logistique (gare de fret TGV, a\u00e9roport cargo), l&rsquo;ing\u00e9nierie et les sciences de la vie.<\/p><p>C&rsquo;est une ville \u00e9tudiante (Universit\u00e9 de Li\u00e8ge, 25 000 \u00e9tudiants), avec une vraie vie culturelle et une ambiance conviviale. Les Li\u00e9geois ont la r\u00e9putation d&rsquo;\u00eatre chaleureux et festifs.<\/p><p><strong>Co\u00fbt de la vie<\/strong> : Tr\u00e8s abordable. Loyers 40-50 % moins chers que Bruxelles. Li\u00e8ge est accessible financi\u00e8rement.<\/p><p><strong>Avantage<\/strong> : Francophone. Pas besoin d&rsquo;apprendre le n\u00e9erlandais.<\/p><p><strong>Inconv\u00e9nient<\/strong> : March\u00e9 de l&#8217;emploi moins dense que Bruxelles\/Anvers. Salaires l\u00e9g\u00e8rement plus bas qu&rsquo;en Flandre.<\/p>\t\t\t\t\t\t\t\t<\/div>\n\t\t\t\t<\/div>\n\t\t<div class=\"elementor-element elementor-element-e421f04 e-con-full e-flex e-con e-child\" data-id=\"e421f04\" data-element_type=\"container\" data-settings=\"{&quot;background_background&quot;:&quot;classic&quot;}\">\n\t\t\t\t<div class=\"elementor-element elementor-element-8882429 elementor-blockquote--skin-border elementor-blockquote--button-color-official elementor-widget elementor-widget-blockquote\" data-id=\"8882429\" data-element_type=\"widget\" data-widget_type=\"blockquote.default\">\n\t\t\t\t\t\t\t<blockquote class=\"elementor-blockquote\">\n\t\t\t<p class=\"elementor-blockquote__content\">\n\t\t\t\t<strong>Verdict pour qui ?<\/strong>\n<br>Familles, jeunes actifs dans l'ing\u00e9nierie ou la logistique, ou ceux qui veulent un cadre de vie francophone et abordable.\t\t\t<\/p>\n\t\t\t\t\t<\/blockquote>\n\t\t\t\t\t\t<\/div>\n\t\t\t\t<\/div>\n\t\t\t\t\t<\/div>\n\t\t\t\t<\/div>\n\t\t<div class=\"elementor-element elementor-element-ce66abd e-con-full e-flex e-con e-child\" data-id=\"ce66abd\" data-element_type=\"container\" data-settings=\"{&quot;background_background&quot;:&quot;classic&quot;}\">\n\t\t<div class=\"elementor-element elementor-element-f6b30cc e-con-full e-flex e-con e-child\" data-id=\"f6b30cc\" data-element_type=\"container\" data-settings=\"{&quot;background_background&quot;:&quot;classic&quot;,&quot;background_motion_fx_motion_fx_scrolling&quot;:&quot;yes&quot;,&quot;background_motion_fx_scale_effect&quot;:&quot;yes&quot;,&quot;background_motion_fx_scale_speed&quot;:{&quot;unit&quot;:&quot;px&quot;,&quot;size&quot;:1,&quot;sizes&quot;:[]},&quot;background_motion_fx_scale_direction&quot;:&quot;out-in&quot;,&quot;background_motion_fx_scale_range&quot;:{&quot;unit&quot;:&quot;%&quot;,&quot;size&quot;:&quot;&quot;,&quot;sizes&quot;:{&quot;start&quot;:20,&quot;end&quot;:80}},&quot;background_motion_fx_devices&quot;:[&quot;desktop&quot;,&quot;tablet&quot;,&quot;mobile&quot;]}\">\n\t\t\t\t<\/div>\n\t\t<div class=\"elementor-element elementor-element-2b7adc1 e-con-full e-flex e-con e-child\" data-id=\"2b7adc1\" data-element_type=\"container\" data-settings=\"{&quot;background_background&quot;:&quot;classic&quot;}\">\n\t\t\t\t<div class=\"elementor-element elementor-element-f87efa8 elementor-headline--style-highlight elementor-widget elementor-widget-animated-headline\" data-id=\"f87efa8\" data-element_type=\"widget\" data-settings=\"{&quot;highlighted_text&quot;:&quot;Suisse&quot;,&quot;marker&quot;:&quot;double_underline&quot;,&quot;headline_style&quot;:&quot;highlight&quot;,&quot;loop&quot;:&quot;yes&quot;,&quot;highlight_animation_duration&quot;:1200,&quot;highlight_iteration_delay&quot;:8000}\" data-widget_type=\"animated-headline.default\">\n\t\t\t\t\t\t\t<h2 class=\"elementor-headline\">\n\t\t\t\t\t<span class=\"elementor-headline-plain-text elementor-headline-text-wrapper\">Obtenez les meilleurs tarifs de d\u00e9m\u00e9nagement en <\/span>\n\t\t\t\t<span class=\"elementor-headline-dynamic-wrapper elementor-headline-text-wrapper\">\n\t\t\t\t\t<span class=\"elementor-headline-dynamic-text elementor-headline-text-active\">Suisse<\/span>\n\t\t\t\t<\/span>\n\t\t\t\t<\/h2>\n\t\t\t\t\t\t<\/div>\n\t\t\t\t<div class=\"elementor-element elementor-element-68b282c elementor-align-center elementor-widget elementor-widget-button\" data-id=\"68b282c\" data-element_type=\"widget\" data-widget_type=\"button.default\">\n\t\t\t\t\t\t\t\t\t\t<a class=\"elementor-button elementor-button-link elementor-size-sm elementor-animation-grow\" href=\"https:\/\/bring4you.com\/blog\/calcul-volume-demenagement\/\">\n\t\t\t\t\t\t<span class=\"elementor-button-content-wrapper\">\n\t\t\t\t\t\t\t\t\t<span class=\"elementor-button-text\">Comparer les offres<\/span>\n\t\t\t\t\t<\/span>\n\t\t\t\t\t<\/a>\n\t\t\t\t\t\t\t\t<\/div>\n\t\t\t\t<\/div>\n\t\t\t\t<\/div>\n\t\t<div class=\"elementor-element elementor-element-1893d68 e-flex e-con-boxed e-con e-parent\" data-id=\"1893d68\" data-element_type=\"container\">\n\t\t\t\t\t<div class=\"e-con-inner\">\n\t\t<div class=\"elementor-element elementor-element-0213283 e-con-full e-flex e-con e-child\" data-id=\"0213283\" data-element_type=\"container\">\n\t\t\t\t<div class=\"elementor-element elementor-element-fb10ddd elementor-headline--style-highlight elementor-widget elementor-widget-animated-headline\" data-id=\"fb10ddd\" data-element_type=\"widget\" data-settings=\"{&quot;highlighted_text&quot;:&quot;#5.&quot;,&quot;marker&quot;:&quot;double_underline&quot;,&quot;headline_style&quot;:&quot;highlight&quot;,&quot;loop&quot;:&quot;yes&quot;,&quot;highlight_animation_duration&quot;:1200,&quot;highlight_iteration_delay&quot;:8000}\" data-widget_type=\"animated-headline.default\">\n\t\t\t\t\t\t\t<h2 class=\"elementor-headline\">\n\t\t\t\t<span class=\"elementor-headline-dynamic-wrapper elementor-headline-text-wrapper\">\n\t\t\t\t\t<span class=\"elementor-headline-dynamic-text elementor-headline-text-active\">#5.<\/span>\n\t\t\t\t<\/span>\n\t\t\t\t\t<span class=\"elementor-headline-plain-text elementor-headline-text-wrapper\">Gand<\/span>\n\t\t\t\t\t<\/h2>\n\t\t\t\t\t\t<\/div>\n\t\t\t\t<\/div>\n\t\t<div class=\"elementor-element elementor-element-b6b4d48 e-con-full e-flex e-con e-child\" data-id=\"b6b4d48\" data-element_type=\"container\" data-settings=\"{&quot;background_background&quot;:&quot;slideshow&quot;,&quot;background_slideshow_gallery&quot;:[{&quot;id&quot;:6388,&quot;url&quot;:&quot;https:\\\/\\\/bring4you.com\\\/blog\\\/wp-content\\\/uploads\\\/2026\\\/04\\\/Gand.jpg&quot;}],&quot;background_slideshow_loop&quot;:&quot;yes&quot;,&quot;background_slideshow_slide_duration&quot;:5000,&quot;background_slideshow_slide_transition&quot;:&quot;fade&quot;,&quot;background_slideshow_transition_duration&quot;:500}\">\n\t\t\t\t<\/div>\n\t\t<div class=\"elementor-element elementor-element-31b2b0e e-con-full e-flex e-con e-child\" data-id=\"31b2b0e\" data-element_type=\"container\">\n\t\t\t\t<div class=\"elementor-element elementor-element-49a4492 elementor-widget elementor-widget-text-editor\" data-id=\"49a4492\" data-element_type=\"widget\" data-widget_type=\"text-editor.default\">\n\t\t\t\t\t\t\t\t\t<h3 style=\"text-align: center;\"><strong>La ville \u00e9tudiante qui attire les startups<\/strong><\/h3><p><strong>Population<\/strong> : 265 000 habitants <strong>Loyer moyen<\/strong> : 650 \u20ac \u00e0 900 \u20ac pour un 2 pi\u00e8ces <strong>Salaire m\u00e9dian<\/strong> : 2 800 \u20ac brut\/mois <strong>Langue<\/strong> : N\u00e9erlandais<\/p><p>Gand est une ville universitaire (60 000 \u00e9tudiants), jeune, dynamique et de plus en plus attractive pour les startups tech. C&rsquo;est une alternative int\u00e9ressante \u00e0 Bruxelles pour ceux qui veulent un cadre de vie plus tranquille tout en restant dans une ville avec de l&#8217;emploi.<\/p><p>La sc\u00e8ne tech y est en pleine croissance, notamment dans la fintech et les biotechs. Gand a aussi d\u00e9velopp\u00e9 une vraie politique de mobilit\u00e9 durable (ville tr\u00e8s cyclable, pi\u00e9tonnisation du centre).<\/p><p><strong>Co\u00fbt de la vie<\/strong> : Accessible. 20-30 % moins cher que Bruxelles. Gand reste une ville \u00e0 taille humaine.<\/p><p><strong>Probl\u00e8me<\/strong> : Comme Anvers, Gand est en Flandre. Le n\u00e9erlandais est indispensable.<\/p>\t\t\t\t\t\t\t\t<\/div>\n\t\t\t\t<\/div>\n\t\t<div class=\"elementor-element elementor-element-e7983ba e-con-full e-flex e-con e-child\" data-id=\"e7983ba\" data-element_type=\"container\" data-settings=\"{&quot;background_background&quot;:&quot;classic&quot;}\">\n\t\t\t\t<div class=\"elementor-element elementor-element-8bc7a9c elementor-blockquote--skin-border elementor-blockquote--button-color-official elementor-widget elementor-widget-blockquote\" data-id=\"8bc7a9c\" data-element_type=\"widget\" data-widget_type=\"blockquote.default\">\n\t\t\t\t\t\t\t<blockquote class=\"elementor-blockquote\">\n\t\t\t<p class=\"elementor-blockquote__content\">\n\t\t\t\t<strong>Verdict pour qui ?<\/strong>\n<br>Jeunes actifs dans la tech, les biotechs, ou ceux qui cherchent une ville \u00e9tudiante dynamique.\t\t\t<\/p>\n\t\t\t\t\t<\/blockquote>\n\t\t\t\t\t\t<\/div>\n\t\t\t\t<\/div>\n\t\t\t\t\t<\/div>\n\t\t\t\t<\/div>\n\t\t<div class=\"elementor-element elementor-element-e403d1c e-flex e-con-boxed e-con e-parent\" data-id=\"e403d1c\" data-element_type=\"container\">\n\t\t\t\t\t<div class=\"e-con-inner\">\n\t\t<div class=\"elementor-element elementor-element-0d0a12a e-con-full e-flex e-con e-child\" data-id=\"0d0a12a\" data-element_type=\"container\">\n\t\t\t\t<div class=\"elementor-element elementor-element-ed2bf08 elementor-headline--style-highlight elementor-widget elementor-widget-animated-headline\" data-id=\"ed2bf08\" data-element_type=\"widget\" data-settings=\"{&quot;highlighted_text&quot;:&quot;#6.&quot;,&quot;marker&quot;:&quot;double_underline&quot;,&quot;headline_style&quot;:&quot;highlight&quot;,&quot;loop&quot;:&quot;yes&quot;,&quot;highlight_animation_duration&quot;:1200,&quot;highlight_iteration_delay&quot;:8000}\" data-widget_type=\"animated-headline.default\">\n\t\t\t\t\t\t\t<h2 class=\"elementor-headline\">\n\t\t\t\t<span class=\"elementor-headline-dynamic-wrapper elementor-headline-text-wrapper\">\n\t\t\t\t\t<span class=\"elementor-headline-dynamic-text elementor-headline-text-active\">#6.<\/span>\n\t\t\t\t<\/span>\n\t\t\t\t\t<span class=\"elementor-headline-plain-text elementor-headline-text-wrapper\">Bruges<\/span>\n\t\t\t\t\t<\/h2>\n\t\t\t\t\t\t<\/div>\n\t\t\t\t<\/div>\n\t\t<div class=\"elementor-element elementor-element-4c7299d e-con-full e-flex e-con e-child\" data-id=\"4c7299d\" data-element_type=\"container\" data-settings=\"{&quot;background_background&quot;:&quot;slideshow&quot;,&quot;background_slideshow_gallery&quot;:[{&quot;id&quot;:6389,&quot;url&quot;:&quot;https:\\\/\\\/bring4you.com\\\/blog\\\/wp-content\\\/uploads\\\/2026\\\/04\\\/Bruges.jpg&quot;}],&quot;background_slideshow_loop&quot;:&quot;yes&quot;,&quot;background_slideshow_slide_duration&quot;:5000,&quot;background_slideshow_slide_transition&quot;:&quot;fade&quot;,&quot;background_slideshow_transition_duration&quot;:500}\">\n\t\t\t\t<\/div>\n\t\t<div class=\"elementor-element elementor-element-0c0059d e-con-full e-flex e-con e-child\" data-id=\"0c0059d\" data-element_type=\"container\">\n\t\t\t\t<div class=\"elementor-element elementor-element-3d8e093 elementor-widget elementor-widget-text-editor\" data-id=\"3d8e093\" data-element_type=\"widget\" data-widget_type=\"text-editor.default\">\n\t\t\t\t\t\t\t\t\t<h3 style=\"text-align: center;\"><strong>La carte postale (tr\u00e8s touristique)<\/strong><\/h3><p><strong>Population<\/strong> : 120 000 habitants <strong>Loyer moyen<\/strong> : 700 \u20ac \u00e0 1 000 \u20ac pour un 2 pi\u00e8ces <strong>Salaire m\u00e9dian<\/strong> : 2 600 \u20ac brut\/mois <strong>Langue<\/strong> : N\u00e9erlandais<\/p><p>Bruges est la ville touristique par excellence en Belgique (class\u00e9e UNESCO). Canaux, architecture m\u00e9di\u00e9vale, chocolatiers, dentelli\u00e8res. C&rsquo;est magnifique mais c&rsquo;est satur\u00e9 de touristes 10 mois sur 12.<\/p><p>Beaucoup de Fran\u00e7ais fantasment Bruges comme lieu de vie. La r\u00e9alit\u00e9 : c&rsquo;est une ville-mus\u00e9e. Le centre historique est impraticable pour vivre au quotidien (pav\u00e9s, ruelles \u00e9troites, foule de touristes). Si vous voulez vivre \u00e0 Bruges, visez les quartiers r\u00e9sidentiels en p\u00e9riph\u00e9rie.<\/p><p><strong>Co\u00fbt de la vie<\/strong> : Moyen. Moins cher que Bruxelles, plus cher que Li\u00e8ge.<\/p><p><strong>March\u00e9 de l&#8217;emploi<\/strong> : Faible. Bruges vit du tourisme et des services. Si vous travaillez \u00e0 distance ou \u00eates retrait\u00e9, \u00e7a peut fonctionner. Sinon, difficile.<\/p>\t\t\t\t\t\t\t\t<\/div>\n\t\t\t\t<\/div>\n\t\t<div class=\"elementor-element elementor-element-6834626 e-con-full e-flex e-con e-child\" data-id=\"6834626\" data-element_type=\"container\" data-settings=\"{&quot;background_background&quot;:&quot;classic&quot;}\">\n\t\t\t\t<div class=\"elementor-element elementor-element-5efd071 elementor-blockquote--skin-border elementor-blockquote--button-color-official elementor-widget elementor-widget-blockquote\" data-id=\"5efd071\" data-element_type=\"widget\" data-widget_type=\"blockquote.default\">\n\t\t\t\t\t\t\t<blockquote class=\"elementor-blockquote\">\n\t\t\t<p class=\"elementor-blockquote__content\">\n\t\t\t\t<strong>Verdict pour qui ?<\/strong>\n<br>Retrait\u00e9s, t\u00e9l\u00e9travailleurs, ou romantiques pr\u00eats \u00e0 accepter les inconv\u00e9nients du tourisme de masse.\t\t\t<\/p>\n\t\t\t\t\t<\/blockquote>\n\t\t\t\t\t\t<\/div>\n\t\t\t\t<\/div>\n\t\t\t\t\t<\/div>\n\t\t\t\t<\/div>\n\t\t<div class=\"elementor-element elementor-element-f449975 e-flex e-con-boxed e-con e-parent\" data-id=\"f449975\" data-element_type=\"container\">\n\t\t\t\t\t<div class=\"e-con-inner\">\n\t\t\t\t<div class=\"elementor-element elementor-element-5d5c3c8 elementor-widget elementor-widget-text-editor\" data-id=\"5d5c3c8\" data-element_type=\"widget\" data-widget_type=\"text-editor.default\">\n\t\t\t\t\t\t\t\t\t<h2 style=\"text-align: center;\"><strong>D&rsquo;autres villes qu&rsquo;on aurait pu proposer&#8230;<\/strong><\/h2>\t\t\t\t\t\t\t\t<\/div>\n\t\t\t\t<div class=\"elementor-element elementor-element-67623ec elementor-widget elementor-widget-text-editor\" data-id=\"67623ec\" data-element_type=\"widget\" data-widget_type=\"text-editor.default\">\n\t\t\t\t\t\t\t\t\t<h3>Malines<\/h3><p>Malines, situ\u00e9e entre Bruxelles et Anvers, est une ville dynamique qui allie histoire et modernit\u00e9. Elle est c\u00e9l\u00e8bre pour sa cath\u00e9drale Saint-Rombaut et ses charmantes rues pav\u00e9es. Malines est id\u00e9ale pour les familles gr\u00e2ce \u00e0 ses excellentes \u00e9coles, ses nombreux espaces verts et sa tranquillit\u00e9. La ville a \u00e9galement une sc\u00e8ne culturelle en plein essor, avec des festivals, mus\u00e9es et \u00e9v\u00e9nements. Bien connect\u00e9e par les transports, elle permet de profiter des avantages des grandes villes voisines, tout en offrant une qualit\u00e9 de vie plus calme et abordable.<\/p><h3>Namur<\/h3><p>Namur, capitale de la Wallonie, est une ville charmante nich\u00e9e au confluent de la Meuse et de la Sambre. Connue pour sa citadelle historique, elle offre un cadre de vie paisible, avec des espaces verts et une ambiance d\u00e9tendue. Namur est un excellent choix pour ceux cherchant \u00e0 \u00e9chapper \u00e0 l\u2019agitation des grandes villes, tout en profitant d\u2019infrastructures modernes. La ville attire des familles et des retrait\u00e9s gr\u00e2ce \u00e0 son atmosph\u00e8re conviviale et \u00e0 ses nombreuses activit\u00e9s culturelles, telles que des festivals et des expositions artistiques.<\/p><h3>Dinant<\/h3><p>Dinant est une petite ville pittoresque situ\u00e9e le long de la Meuse, entour\u00e9e de falaises escarp\u00e9es et de collines verdoyantes. C\u00e9l\u00e8bre pour sa citadelle et pour \u00eatre le berceau d\u2019Adolphe Sax, inventeur du saxophone, Dinant attire ceux qui recherchent un cadre de vie paisible et naturel. Son charme r\u00e9side dans ses paysages \u00e9poustouflants et son patrimoine historique. Bien qu\u2019elle soit plus petite que d\u2019autres villes belges, Dinant offre une qualit\u00e9 de vie id\u00e9ale pour les amoureux de la nature, tout en \u00e9tant proche des grandes villes wallonnes.<\/p><h3>Durbuy<\/h3><p>Durbuy, souvent surnomm\u00e9e \u00ab\u00a0la plus petite ville du monde\u00a0\u00bb, est un v\u00e9ritable joyau nich\u00e9 dans les Ardennes belges. Avec son architecture m\u00e9di\u00e9vale, ses ruelles pav\u00e9es et son cadre naturel exceptionnel, Durbuy offre une qualit\u00e9 de vie calme et proche de la nature. Elle est id\u00e9ale pour les amateurs de plein air, avec de nombreuses activit\u00e9s comme la randonn\u00e9e, le kayak et le cyclisme. Durbuy attire \u00e9galement ceux qui recherchent un mode de vie tranquille, loin du tumulte des grandes villes, tout en profitant d\u2019une ambiance authentique et chaleureuse.<\/p><h2>Tableau comparatif : quelle ville pour quel budget ?<\/h2><table><thead><tr><th>Ville<\/th><th>Loyer 2P (\u20ac\/mois)<\/th><th>Salaire m\u00e9dian (\u20ac brut)<\/th><th>Langue<\/th><th>March\u00e9 emploi<\/th><th>Pour qui ?<\/th><\/tr><\/thead><tbody><tr><td>Bruxelles<\/td><td>950-1 400<\/td><td>3 200<\/td><td>FR + NL<\/td><td>Tr\u00e8s dense<\/td><td>Jeunes actifs institutions\/finance<\/td><\/tr><tr><td>Anvers<\/td><td>750-1 100<\/td><td>3 000<\/td><td>NL<\/td><td>Dense (port, chimie)<\/td><td>Actifs logistique\/mode, NL requis<\/td><\/tr><tr><td>Gand<\/td><td>650-900<\/td><td>2 800<\/td><td>NL<\/td><td>Moyen (tech, bio)<\/td><td>Jeunes actifs tech, NL requis<\/td><\/tr><tr><td>Louvain<\/td><td>600-850<\/td><td>2 700<\/td><td>NL<\/td><td>Faible (navetteurs Bruxelles)<\/td><td>Familles, navetteurs<\/td><\/tr><tr><td>Li\u00e8ge<\/td><td>550-800<\/td><td>2 500<\/td><td>FR<\/td><td>Moyen (ing\u00e9, logistique)<\/td><td>Familles, francophones<\/td><\/tr><tr><td>Bruges<\/td><td>700-1 000<\/td><td>2 600<\/td><td>NL<\/td><td>Faible (tourisme)<\/td><td>Retrait\u00e9s, t\u00e9l\u00e9travailleurs<\/td><\/tr><\/tbody><\/table>\t\t\t\t\t\t\t\t<\/div>\n\t\t\t\t\t<\/div>\n\t\t\t\t<\/div>\n\t\t<div class=\"elementor-element elementor-element-00e379c e-flex e-con-boxed e-con e-parent\" data-id=\"00e379c\" data-element_type=\"container\" data-settings=\"{&quot;background_background&quot;:&quot;classic&quot;}\">\n\t\t\t\t\t<div class=\"e-con-inner\">\n\t\t<div class=\"elementor-element elementor-element-d357352 e-con-full e-flex e-con e-child\" data-id=\"d357352\" data-element_type=\"container\">\n\t\t\t\t<div class=\"elementor-element elementor-element-0b180e7 elementor-headline--style-highlight elementor-widget elementor-widget-animated-headline\" data-id=\"0b180e7\" data-element_type=\"widget\" data-settings=\"{&quot;highlighted_text&quot;:&quot; le plus souvent&quot;,&quot;marker&quot;:&quot;double_underline&quot;,&quot;headline_style&quot;:&quot;highlight&quot;,&quot;loop&quot;:&quot;yes&quot;,&quot;highlight_animation_duration&quot;:1200,&quot;highlight_iteration_delay&quot;:8000}\" data-widget_type=\"animated-headline.default\">\n\t\t\t\t\t\t\t<h2 class=\"elementor-headline\">\n\t\t\t\t\t<span class=\"elementor-headline-plain-text elementor-headline-text-wrapper\">Les questions qu'on nous pose<\/span>\n\t\t\t\t<span class=\"elementor-headline-dynamic-wrapper elementor-headline-text-wrapper\">\n\t\t\t\t\t<span class=\"elementor-headline-dynamic-text elementor-headline-text-active\"> le plus souvent<\/span>\n\t\t\t\t<\/span>\n\t\t\t\t<\/h2>\n\t\t\t\t\t\t<\/div>\n\t\t\t\t<div class=\"elementor-element elementor-element-79f17f6 elementor-widget elementor-widget-n-accordion\" data-id=\"79f17f6\" data-element_type=\"widget\" data-settings=\"{&quot;default_state&quot;:&quot;expanded&quot;,&quot;max_items_expended&quot;:&quot;one&quot;,&quot;n_accordion_animation_duration&quot;:{&quot;unit&quot;:&quot;ms&quot;,&quot;size&quot;:400,&quot;sizes&quot;:[]}}\" data-widget_type=\"nested-accordion.default\">\n\t\t\t\t\t\t\t<div class=\"e-n-accordion\" aria-label=\"Accordion. Open links with Enter or Space, close with Escape, and navigate with Arrow Keys\">\n\t\t\t\t\t\t<details id=\"e-n-accordion-item-1270\" class=\"e-n-accordion-item\" open>\n\t\t\t\t<summary class=\"e-n-accordion-item-title\" data-accordion-index=\"1\" tabindex=\"0\" aria-expanded=\"true\" aria-controls=\"e-n-accordion-item-1270\" >\n\t\t\t\t\t<span class='e-n-accordion-item-title-header'><div class=\"e-n-accordion-item-title-text\"> La Belgique, c'est vraiment moins cher que la France ? <\/div><\/span>\n\t\t\t\t\t\t\t<span class='e-n-accordion-item-title-icon'>\n\t\t\t<span class='e-opened' ><svg aria-hidden=\"true\" class=\"e-font-icon-svg e-fas-minus\" viewBox=\"0 0 448 512\" xmlns=\"http:\/\/www.w3.org\/2000\/svg\"><path d=\"M416 208H32c-17.67 0-32 14.33-32 32v32c0 17.67 14.33 32 32 32h384c17.67 0 32-14.33 32-32v-32c0-17.67-14.33-32-32-32z\"><\/path><\/svg><\/span>\n\t\t\t<span class='e-closed'><svg aria-hidden=\"true\" class=\"e-font-icon-svg e-fas-plus\" viewBox=\"0 0 448 512\" xmlns=\"http:\/\/www.w3.org\/2000\/svg\"><path d=\"M416 208H272V64c0-17.67-14.33-32-32-32h-32c-17.67 0-32 14.33-32 32v144H32c-17.67 0-32 14.33-32 32v32c0 17.67 14.33 32 32 32h144v144c0 17.67 14.33 32 32 32h32c17.67 0 32-14.33 32-32V304h144c17.67 0 32-14.33 32-32v-32c0-17.67-14.33-32-32-32z\"><\/path><\/svg><\/span>\n\t\t<\/span>\n\n\t\t\t\t\t\t<\/summary>\n\t\t\t\t<div role=\"region\" aria-labelledby=\"e-n-accordion-item-1270\" class=\"elementor-element elementor-element-98399fb e-con-full e-flex e-con e-child\" data-id=\"98399fb\" data-element_type=\"container\">\n\t\t\t\t<div class=\"elementor-element elementor-element-eccba5a elementor-widget elementor-widget-text-editor\" data-id=\"eccba5a\" data-element_type=\"widget\" data-widget_type=\"text-editor.default\">\n\t\t\t\t\t\t\t\t\t<p>\u00c7a d\u00e9pend o\u00f9. Bruxelles centre = comparable \u00e0 Paris. Li\u00e8ge ou Charleroi = 30-40 % moins cher que Lyon ou Bordeaux. Les courses alimentaires sont l\u00e9g\u00e8rement moins ch\u00e8res. Les loyers varient \u00e9norm\u00e9ment selon la ville et le quartier.<\/p>\t\t\t\t\t\t\t\t<\/div>\n\t\t\t\t<\/div>\n\t\t\t\t\t<\/details>\n\t\t\t\t\t\t<details id=\"e-n-accordion-item-1271\" class=\"e-n-accordion-item\" >\n\t\t\t\t<summary class=\"e-n-accordion-item-title\" data-accordion-index=\"2\" tabindex=\"-1\" aria-expanded=\"false\" aria-controls=\"e-n-accordion-item-1271\" >\n\t\t\t\t\t<span class='e-n-accordion-item-title-header'><div class=\"e-n-accordion-item-title-text\"> Est-ce que je dois parler n\u00e9erlandais pour vivre en Belgique ? <\/div><\/span>\n\t\t\t\t\t\t\t<span class='e-n-accordion-item-title-icon'>\n\t\t\t<span class='e-opened' ><svg aria-hidden=\"true\" class=\"e-font-icon-svg e-fas-minus\" viewBox=\"0 0 448 512\" xmlns=\"http:\/\/www.w3.org\/2000\/svg\"><path d=\"M416 208H32c-17.67 0-32 14.33-32 32v32c0 17.67 14.33 32 32 32h384c17.67 0 32-14.33 32-32v-32c0-17.67-14.33-32-32-32z\"><\/path><\/svg><\/span>\n\t\t\t<span class='e-closed'><svg aria-hidden=\"true\" class=\"e-font-icon-svg e-fas-plus\" viewBox=\"0 0 448 512\" xmlns=\"http:\/\/www.w3.org\/2000\/svg\"><path d=\"M416 208H272V64c0-17.67-14.33-32-32-32h-32c-17.67 0-32 14.33-32 32v144H32c-17.67 0-32 14.33-32 32v32c0 17.67 14.33 32 32 32h144v144c0 17.67 14.33 32 32 32h32c17.67 0 32-14.33 32-32V304h144c17.67 0 32-14.33 32-32v-32c0-17.67-14.33-32-32-32z\"><\/path><\/svg><\/span>\n\t\t<\/span>\n\n\t\t\t\t\t\t<\/summary>\n\t\t\t\t<div role=\"region\" aria-labelledby=\"e-n-accordion-item-1271\" class=\"elementor-element elementor-element-b89136c e-con-full e-flex e-con e-child\" data-id=\"b89136c\" data-element_type=\"container\">\n\t\t\t\t<div class=\"elementor-element elementor-element-bd8503d elementor-widget elementor-widget-text-editor\" data-id=\"bd8503d\" data-element_type=\"widget\" data-widget_type=\"text-editor.default\">\n\t\t\t\t\t\t\t\t\t<p>Si vous allez en Wallonie (Li\u00e8ge, Namur, Charleroi) ou \u00e0 Bruxelles, non. Le fran\u00e7ais suffit. Si vous allez en Flandre (Anvers, Gand, Bruges), oui. Le n\u00e9erlandais est indispensable pour travailler et s&rsquo;int\u00e9grer.<\/p>\t\t\t\t\t\t\t\t<\/div>\n\t\t\t\t<\/div>\n\t\t\t\t\t<\/details>\n\t\t\t\t\t\t<details id=\"e-n-accordion-item-1272\" class=\"e-n-accordion-item\" >\n\t\t\t\t<summary class=\"e-n-accordion-item-title\" data-accordion-index=\"3\" tabindex=\"-1\" aria-expanded=\"false\" aria-controls=\"e-n-accordion-item-1272\" >\n\t\t\t\t\t<span class='e-n-accordion-item-title-header'><div class=\"e-n-accordion-item-title-text\"> Combien co\u00fbte un d\u00e9m\u00e9nagement France-Belgique ? <\/div><\/span>\n\t\t\t\t\t\t\t<span class='e-n-accordion-item-title-icon'>\n\t\t\t<span class='e-opened' ><svg aria-hidden=\"true\" class=\"e-font-icon-svg e-fas-minus\" viewBox=\"0 0 448 512\" xmlns=\"http:\/\/www.w3.org\/2000\/svg\"><path d=\"M416 208H32c-17.67 0-32 14.33-32 32v32c0 17.67 14.33 32 32 32h384c17.67 0 32-14.33 32-32v-32c0-17.67-14.33-32-32-32z\"><\/path><\/svg><\/span>\n\t\t\t<span class='e-closed'><svg aria-hidden=\"true\" class=\"e-font-icon-svg e-fas-plus\" viewBox=\"0 0 448 512\" xmlns=\"http:\/\/www.w3.org\/2000\/svg\"><path d=\"M416 208H272V64c0-17.67-14.33-32-32-32h-32c-17.67 0-32 14.33-32 32v144H32c-17.67 0-32 14.33-32 32v32c0 17.67 14.33 32 32 32h144v144c0 17.67 14.33 32 32 32h32c17.67 0 32-14.33 32-32V304h144c17.67 0 32-14.33 32-32v-32c0-17.67-14.33-32-32-32z\"><\/path><\/svg><\/span>\n\t\t<\/span>\n\n\t\t\t\t\t\t<\/summary>\n\t\t\t\t<div role=\"region\" aria-labelledby=\"e-n-accordion-item-1272\" class=\"elementor-element elementor-element-9e15b0d e-con-full e-flex e-con e-child\" data-id=\"9e15b0d\" data-element_type=\"container\">\n\t\t\t\t<div class=\"elementor-element elementor-element-7a6f9ed elementor-widget elementor-widget-text-editor\" data-id=\"7a6f9ed\" data-element_type=\"widget\" data-widget_type=\"text-editor.default\">\n\t\t\t\t\t\t\t\t\t<p>Pour un 2 pi\u00e8ces (20 m\u00b3), comptez 800 \u20ac \u00e0 1 500 \u20ac selon la distance et les services (emballage, d\u00e9montage\/remontage des meubles, etc.). Voir notre <a href=\"https:\/\/bring4you.com\/blog\/2026\/03\/30\/quel-est-le-prix-dun-demenagement-en-belgique-tarifs-2026-detailles-et-conseils-pour-payer-moins\/\">article sur le prix d&rsquo;un d\u00e9m\u00e9nagement en Belgique<\/a>.<\/p>\t\t\t\t\t\t\t\t<\/div>\n\t\t\t\t<\/div>\n\t\t\t\t\t<\/details>\n\t\t\t\t\t\t<details id=\"e-n-accordion-item-1273\" class=\"e-n-accordion-item\" >\n\t\t\t\t<summary class=\"e-n-accordion-item-title\" data-accordion-index=\"4\" tabindex=\"-1\" aria-expanded=\"false\" aria-controls=\"e-n-accordion-item-1273\" >\n\t\t\t\t\t<span class='e-n-accordion-item-title-header'><div class=\"e-n-accordion-item-title-text\"> Est-ce que la fiscalit\u00e9 belge est avantageuse ? <\/div><\/span>\n\t\t\t\t\t\t\t<span class='e-n-accordion-item-title-icon'>\n\t\t\t<span class='e-opened' ><svg aria-hidden=\"true\" class=\"e-font-icon-svg e-fas-minus\" viewBox=\"0 0 448 512\" xmlns=\"http:\/\/www.w3.org\/2000\/svg\"><path d=\"M416 208H32c-17.67 0-32 14.33-32 32v32c0 17.67 14.33 32 32 32h384c17.67 0 32-14.33 32-32v-32c0-17.67-14.33-32-32-32z\"><\/path><\/svg><\/span>\n\t\t\t<span class='e-closed'><svg aria-hidden=\"true\" class=\"e-font-icon-svg e-fas-plus\" viewBox=\"0 0 448 512\" xmlns=\"http:\/\/www.w3.org\/2000\/svg\"><path d=\"M416 208H272V64c0-17.67-14.33-32-32-32h-32c-17.67 0-32 14.33-32 32v144H32c-17.67 0-32 14.33-32 32v32c0 17.67 14.33 32 32 32h144v144c0 17.67 14.33 32 32 32h32c17.67 0 32-14.33 32-32V304h144c17.67 0 32-14.33 32-32v-32c0-17.67-14.33-32-32-32z\"><\/path><\/svg><\/span>\n\t\t<\/span>\n\n\t\t\t\t\t\t<\/summary>\n\t\t\t\t<div role=\"region\" aria-labelledby=\"e-n-accordion-item-1273\" class=\"elementor-element elementor-element-54f520f e-con-full e-flex e-con e-child\" data-id=\"54f520f\" data-element_type=\"container\">\n\t\t\t\t<div class=\"elementor-element elementor-element-0279b1b elementor-widget elementor-widget-text-editor\" data-id=\"0279b1b\" data-element_type=\"widget\" data-widget_type=\"text-editor.default\">\n\t\t\t\t\t\t\t\t\t<p>C&rsquo;\u00e9tait vrai il y a 10-15 ans. Aujourd&rsquo;hui, c&rsquo;est moins \u00e9vident. L&rsquo;imp\u00f4t sur le revenu en Belgique est \u00e9lev\u00e9 (taux marginal jusqu&rsquo;\u00e0 50 %), les cotisations sociales aussi (13,07 % pour les salari\u00e9s). Pour les retrait\u00e9s fran\u00e7ais, la convention fiscale France-Belgique a chang\u00e9 : les pensions fran\u00e7aises sont d\u00e9sormais impos\u00e9es en France, pas en Belgique. Bref, consultez un comptable avant de vous installer pour des raisons fiscales.<\/p>\t\t\t\t\t\t\t\t<\/div>\n\t\t\t\t<\/div>\n\t\t\t\t\t<\/details>\n\t\t\t\t\t\t<details id=\"e-n-accordion-item-1274\" class=\"e-n-accordion-item\" >\n\t\t\t\t<summary class=\"e-n-accordion-item-title\" data-accordion-index=\"5\" tabindex=\"-1\" aria-expanded=\"false\" aria-controls=\"e-n-accordion-item-1274\" >\n\t\t\t\t\t<span class='e-n-accordion-item-title-header'><div class=\"e-n-accordion-item-title-text\"> C'est facile de trouver du boulot en Belgique ? <\/div><\/span>\n\t\t\t\t\t\t\t<span class='e-n-accordion-item-title-icon'>\n\t\t\t<span class='e-opened' ><svg aria-hidden=\"true\" class=\"e-font-icon-svg e-fas-minus\" viewBox=\"0 0 448 512\" xmlns=\"http:\/\/www.w3.org\/2000\/svg\"><path d=\"M416 208H32c-17.67 0-32 14.33-32 32v32c0 17.67 14.33 32 32 32h384c17.67 0 32-14.33 32-32v-32c0-17.67-14.33-32-32-32z\"><\/path><\/svg><\/span>\n\t\t\t<span class='e-closed'><svg aria-hidden=\"true\" class=\"e-font-icon-svg e-fas-plus\" viewBox=\"0 0 448 512\" xmlns=\"http:\/\/www.w3.org\/2000\/svg\"><path d=\"M416 208H272V64c0-17.67-14.33-32-32-32h-32c-17.67 0-32 14.33-32 32v144H32c-17.67 0-32 14.33-32 32v32c0 17.67 14.33 32 32 32h144v144c0 17.67 14.33 32 32 32h32c17.67 0 32-14.33 32-32V304h144c17.67 0 32-14.33 32-32v-32c0-17.67-14.33-32-32-32z\"><\/path><\/svg><\/span>\n\t\t<\/span>\n\n\t\t\t\t\t\t<\/summary>\n\t\t\t\t<div role=\"region\" aria-labelledby=\"e-n-accordion-item-1274\" class=\"elementor-element elementor-element-831c59d e-con-full e-flex e-con e-child\" data-id=\"831c59d\" data-element_type=\"container\">\n\t\t\t\t<div class=\"elementor-element elementor-element-4ec53b1 elementor-widget elementor-widget-text-editor\" data-id=\"4ec53b1\" data-element_type=\"widget\" data-widget_type=\"text-editor.default\">\n\t\t\t\t\t\t\t\t\t<p>\u00c7a d\u00e9pend du secteur. \u00c0 Bruxelles, le march\u00e9 de l&#8217;emploi dans l&rsquo;administration europ\u00e9enne, la finance et le consulting est dense. En Flandre, il y a du travail dans la logistique, la chimie et la tech \u00e0 condition de parler n\u00e9erlandais. En Wallonie, c&rsquo;est plus compliqu\u00e9 (taux de ch\u00f4mage plus \u00e9lev\u00e9 qu&rsquo;en Flandre).<\/p>\t\t\t\t\t\t\t\t<\/div>\n\t\t\t\t<\/div>\n\t\t\t\t\t<\/details>\n\t\t\t\t\t<\/div>\n\t\t\t\t\t\t<\/div>\n\t\t\t\t<\/div>\n\t\t\t\t\t<\/div>\n\t\t\t\t<\/div>\n\t\t<div class=\"elementor-element elementor-element-46cf3f0 e-flex e-con-boxed e-con e-parent\" data-id=\"46cf3f0\" data-element_type=\"container\" data-settings=\"{&quot;background_background&quot;:&quot;classic&quot;}\">\n\t\t\t\t\t<div class=\"e-con-inner\">\n\t\t<div class=\"elementor-element elementor-element-14ebaa3 e-con-full e-flex e-con e-child\" data-id=\"14ebaa3\" data-element_type=\"container\" data-settings=\"{&quot;background_background&quot;:&quot;slideshow&quot;,&quot;background_slideshow_gallery&quot;:[{&quot;id&quot;:2967,&quot;url&quot;:&quot;https:\\\/\\\/bring4you.com\\\/blog\\\/wp-content\\\/uploads\\\/2025\\\/07\\\/2.png&quot;}],&quot;background_slideshow_loop&quot;:&quot;yes&quot;,&quot;background_slideshow_slide_duration&quot;:5000,&quot;background_slideshow_slide_transition&quot;:&quot;fade&quot;,&quot;background_slideshow_transition_duration&quot;:500}\">\n\t\t\t\t<\/div>\n\t\t<div class=\"elementor-element elementor-element-21dddda e-con-full e-flex e-con e-child\" data-id=\"21dddda\" data-element_type=\"container\">\n\t\t\t\t<div class=\"elementor-element elementor-element-d7b99ee elementor-headline--style-highlight elementor-widget elementor-widget-animated-headline\" data-id=\"d7b99ee\" data-element_type=\"widget\" data-settings=\"{&quot;highlighted_text&quot;:&quot;Thomas&quot;,&quot;marker&quot;:&quot;double_underline&quot;,&quot;headline_style&quot;:&quot;highlight&quot;,&quot;loop&quot;:&quot;yes&quot;,&quot;highlight_animation_duration&quot;:1200,&quot;highlight_iteration_delay&quot;:8000}\" data-widget_type=\"animated-headline.default\">\n\t\t\t\t\t\t\t<h2 class=\"elementor-headline\">\n\t\t\t\t\t<span class=\"elementor-headline-plain-text elementor-headline-text-wrapper\">L'expertise de <\/span>\n\t\t\t\t<span class=\"elementor-headline-dynamic-wrapper elementor-headline-text-wrapper\">\n\t\t\t\t\t<span class=\"elementor-headline-dynamic-text elementor-headline-text-active\">Thomas<\/span>\n\t\t\t\t<\/span>\n\t\t\t\t<\/h2>\n\t\t\t\t\t\t<\/div>\n\t\t\t\t<div class=\"elementor-element elementor-element-6196b1a elementor-widget elementor-widget-text-editor\" data-id=\"6196b1a\" data-element_type=\"widget\" data-widget_type=\"text-editor.default\">\n\t\t\t\t\t\t\t\t\t<h3><strong>\u00ab La Belgique, c&rsquo;est 20 km de la fronti\u00e8re fran\u00e7aise. Mais administrativement, c&rsquo;est un autre monde. \u00bb<\/strong><\/h3><p>Thomas \u00ab Le Frontalier \u00bb a pass\u00e9 neuf ans \u00e0 organiser des d\u00e9m\u00e9nagements entre la France et la Belgique. Principalement des trajets Lille-Bruxelles, Valenciennes-Mons, Maubeuge-Charleroi. Il conna\u00eet les deux c\u00f4t\u00e9s de la fronti\u00e8re par c\u0153ur.<\/p><p>\u00ab <em>Ce qui revient tout le temps, c&rsquo;est les gens qui s&rsquo;installent \u00e0 Bruxelles pour le boulot et qui pensent que c&rsquo;est comme d\u00e9m\u00e9nager \u00e0 Lyon. Sauf que non. Le syst\u00e8me de sant\u00e9 belge fonctionne diff\u00e9remment, les imp\u00f4ts aussi et surtout : la commune o\u00f9 tu t&rsquo;enregistres, c&rsquo;est elle qui d\u00e9cide de presque tout. Tu changes de commune, tu changes de r\u00e8gles.<\/em> \u00bb<\/p><p>L&rsquo;erreur classique selon Thomas ? <strong>Sous-estimer les d\u00e9marches administratives.<\/strong> \u00ab <em>J&rsquo;ai eu un client qui s&rsquo;est install\u00e9 \u00e0 Bruxelles en juillet. Il a oubli\u00e9 de s&rsquo;enregistrer \u00e0 la commune dans les huit jours. R\u00e9sultat : amende de 200 \u20ac et six semaines de retard pour obtenir sa carte de r\u00e9sident. Sans cette carte, pas de compte bancaire belge, pas de contrat internet, rien. Il a d\u00fb squatter chez un pote pendant un mois et demi.<\/em> \u00bb<\/p><p>Et le bon plan ? \u00ab <em>Si tu bosses \u00e0 Bruxelles mais que tu veux un loyer moins cher, regarde du c\u00f4t\u00e9 de Louvain-la-Neuve, Wavre ou m\u00eame Charleroi. Tu prends le train, 20-30 minutes et tu divises ton loyer par deux. Mais attention : en Belgique, les frais d&rsquo;agence immobili\u00e8re sont \u00e0 charge du locataire. Compte 800 \u00e0 1 200 \u20ac de frais d&rsquo;entr\u00e9e pour un appart correct. \u00c7a, personne te le dit avant d&rsquo;arriver.<\/em> \u00bb<\/p>\t\t\t\t\t\t\t\t<\/div>\n\t\t\t\t<\/div>\n\t\t\t\t\t<\/div>\n\t\t\t\t<\/div>\n\t\t\t\t<\/div>\n\t\t","protected":false},"excerpt":{"rendered":"<p>Chaque ann\u00e9e, environ 15 000 Fran\u00e7ais s&rsquo;installent en Belgique. Les profils sont vari\u00e9s : jeunes dipl\u00f4m\u00e9s qui d\u00e9crochent un job dans les institutions europ\u00e9ennes \u00e0 Bruxelles, familles qui cherchent un cadre de vie plus tranquille, retrait\u00e9s attir\u00e9s par la fiscalit\u00e9 belge, travailleurs frontaliers qui vivent en France et bossent en Belgique. La Belgique a plusieurs [&hellip;]<\/p>\n","protected":false},"author":3,"featured_media":6394,"comment_status":"open","ping_status":"open","sticky":false,"template":"","format":"standard","meta":{"inline_featured_image":false,"footnotes":""},"categories":[67,39,59],"tags":[],"class_list":["post-1609","post","type-post","status-publish","format-standard","has-post-thumbnail","hentry","category-belgique","category-demenagement","category-international"],"yoast_head":"<!-- This site is optimized with the Yoast SEO plugin v25.9 - https:\/\/yoast.com\/wordpress\/plugins\/seo\/ -->\n<title>S&#039;installer en Belgique : Top 6 des meilleures villes (Maj 2026) - Bring4You<\/title>\n<meta name=\"description\" content=\"D\u00e9couvrez les meilleures villes pour s&#039;installer en Belgique, avec des conseils pour une transition en douceur : : Bruxelles, Anvers, Gand, Li\u00e8ge...\" \/>\n<meta name=\"robots\" content=\"index, follow, max-snippet:-1, max-image-preview:large, max-video-preview:-1\" \/>\n<link rel=\"canonical\" href=\"https:\/\/bring4you.com\/blog\/2026\/04\/10\/top-10-meilleures-villes-ou-sinstaller-en-belgique-en-2026\/\" \/>\n<meta property=\"og:locale\" content=\"fr_FR\" \/>\n<meta property=\"og:type\" content=\"article\" \/>\n<meta property=\"og:title\" content=\"S&#039;installer en Belgique : Top 6 des meilleures villes (Maj 2026) - Bring4You\" \/>\n<meta property=\"og:description\" content=\"D\u00e9couvrez les meilleures villes pour s&#039;installer en Belgique, avec des conseils pour une transition en douceur : : Bruxelles, Anvers, Gand, Li\u00e8ge...\" \/>\n<meta property=\"og:url\" content=\"https:\/\/bring4you.com\/blog\/2026\/04\/10\/top-10-meilleures-villes-ou-sinstaller-en-belgique-en-2026\/\" \/>\n<meta property=\"og:site_name\" content=\"Bring4You\" \/>\n<meta property=\"article:publisher\" content=\"https:\/\/www.facebook.com\/ibring4you\" \/>\n<meta property=\"article:published_time\" content=\"2026-04-10T07:02:45+00:00\" \/>\n<meta property=\"article:modified_time\" content=\"2026-04-10T21:48:54+00:00\" \/>\n<meta property=\"og:image\" content=\"https:\/\/bring4you.com\/blog\/wp-content\/uploads\/2024\/09\/sinstaller-en-belgique-meilleures-villes.jpg\" \/>\n\t<meta property=\"og:image:width\" content=\"1280\" \/>\n\t<meta property=\"og:image:height\" content=\"853\" \/>\n\t<meta property=\"og:image:type\" content=\"image\/jpeg\" \/>\n<meta name=\"author\" content=\"Pierre\" \/>\n<meta name=\"twitter:card\" content=\"summary_large_image\" \/>\n<meta name=\"twitter:label1\" content=\"\u00c9crit par\" \/>\n\t<meta name=\"twitter:data1\" content=\"Pierre\" \/>\n\t<meta name=\"twitter:label2\" content=\"Dur\u00e9e de lecture estim\u00e9e\" \/>\n\t<meta name=\"twitter:data2\" content=\"16 minutes\" \/>\n<script type=\"application\/ld+json\" class=\"yoast-schema-graph\">{\"@context\":\"https:\/\/schema.org\",\"@graph\":[{\"@type\":\"Article\",\"@id\":\"https:\/\/bring4you.com\/blog\/2026\/04\/10\/top-10-meilleures-villes-ou-sinstaller-en-belgique-en-2026\/#article\",\"isPartOf\":{\"@id\":\"https:\/\/bring4you.com\/blog\/2026\/04\/10\/top-10-meilleures-villes-ou-sinstaller-en-belgique-en-2026\/\"},\"author\":{\"name\":\"Pierre\",\"@id\":\"https:\/\/bring4you.com\/blog\/#\/schema\/person\/9525d65d3a46138e4b1cc59257ff430c\"},\"headline\":\"Les meilleures villes o\u00f9 s&rsquo;installer en Belgique en 2026\",\"datePublished\":\"2026-04-10T07:02:45+00:00\",\"dateModified\":\"2026-04-10T21:48:54+00:00\",\"mainEntityOfPage\":{\"@id\":\"https:\/\/bring4you.com\/blog\/2026\/04\/10\/top-10-meilleures-villes-ou-sinstaller-en-belgique-en-2026\/\"},\"wordCount\":3304,\"commentCount\":0,\"publisher\":{\"@id\":\"https:\/\/bring4you.com\/blog\/#organization\"},\"image\":{\"@id\":\"https:\/\/bring4you.com\/blog\/2026\/04\/10\/top-10-meilleures-villes-ou-sinstaller-en-belgique-en-2026\/#primaryimage\"},\"thumbnailUrl\":\"https:\/\/bring4you.com\/blog\/wp-content\/uploads\/2024\/09\/sinstaller-en-belgique-meilleures-villes.jpg\",\"articleSection\":[\"Belgique\",\"D\u00e9m\u00e9nagement\",\"International\"],\"inLanguage\":\"fr-FR\",\"potentialAction\":[{\"@type\":\"CommentAction\",\"name\":\"Comment\",\"target\":[\"https:\/\/bring4you.com\/blog\/2026\/04\/10\/top-10-meilleures-villes-ou-sinstaller-en-belgique-en-2026\/#respond\"]}]},{\"@type\":\"WebPage\",\"@id\":\"https:\/\/bring4you.com\/blog\/2026\/04\/10\/top-10-meilleures-villes-ou-sinstaller-en-belgique-en-2026\/\",\"url\":\"https:\/\/bring4you.com\/blog\/2026\/04\/10\/top-10-meilleures-villes-ou-sinstaller-en-belgique-en-2026\/\",\"name\":\"S'installer en Belgique : Top 6 des meilleures villes (Maj 2026) - Bring4You\",\"isPartOf\":{\"@id\":\"https:\/\/bring4you.com\/blog\/#website\"},\"primaryImageOfPage\":{\"@id\":\"https:\/\/bring4you.com\/blog\/2026\/04\/10\/top-10-meilleures-villes-ou-sinstaller-en-belgique-en-2026\/#primaryimage\"},\"image\":{\"@id\":\"https:\/\/bring4you.com\/blog\/2026\/04\/10\/top-10-meilleures-villes-ou-sinstaller-en-belgique-en-2026\/#primaryimage\"},\"thumbnailUrl\":\"https:\/\/bring4you.com\/blog\/wp-content\/uploads\/2024\/09\/sinstaller-en-belgique-meilleures-villes.jpg\",\"datePublished\":\"2026-04-10T07:02:45+00:00\",\"dateModified\":\"2026-04-10T21:48:54+00:00\",\"description\":\"D\u00e9couvrez les meilleures villes pour s'installer en Belgique, avec des conseils pour une transition en douceur : : Bruxelles, Anvers, Gand, Li\u00e8ge...\",\"breadcrumb\":{\"@id\":\"https:\/\/bring4you.com\/blog\/2026\/04\/10\/top-10-meilleures-villes-ou-sinstaller-en-belgique-en-2026\/#breadcrumb\"},\"inLanguage\":\"fr-FR\",\"potentialAction\":[{\"@type\":\"ReadAction\",\"target\":[\"https:\/\/bring4you.com\/blog\/2026\/04\/10\/top-10-meilleures-villes-ou-sinstaller-en-belgique-en-2026\/\"]}]},{\"@type\":\"ImageObject\",\"inLanguage\":\"fr-FR\",\"@id\":\"https:\/\/bring4you.com\/blog\/2026\/04\/10\/top-10-meilleures-villes-ou-sinstaller-en-belgique-en-2026\/#primaryimage\",\"url\":\"https:\/\/bring4you.com\/blog\/wp-content\/uploads\/2024\/09\/sinstaller-en-belgique-meilleures-villes.jpg\",\"contentUrl\":\"https:\/\/bring4you.com\/blog\/wp-content\/uploads\/2024\/09\/sinstaller-en-belgique-meilleures-villes.jpg\",\"width\":1280,\"height\":853},{\"@type\":\"BreadcrumbList\",\"@id\":\"https:\/\/bring4you.com\/blog\/2026\/04\/10\/top-10-meilleures-villes-ou-sinstaller-en-belgique-en-2026\/#breadcrumb\",\"itemListElement\":[{\"@type\":\"ListItem\",\"position\":1,\"name\":\"Accueil\",\"item\":\"https:\/\/bring4you.com\/blog\/\"},{\"@type\":\"ListItem\",\"position\":2,\"name\":\"Les meilleures villes o\u00f9 s&rsquo;installer en Belgique en 2026\"}]},{\"@type\":\"WebSite\",\"@id\":\"https:\/\/bring4you.com\/blog\/#website\",\"url\":\"https:\/\/bring4you.com\/blog\/\",\"name\":\"Bring4You\",\"description\":\"D\u00e9m\u00e9nagement\",\"publisher\":{\"@id\":\"https:\/\/bring4you.com\/blog\/#organization\"},\"potentialAction\":[{\"@type\":\"SearchAction\",\"target\":{\"@type\":\"EntryPoint\",\"urlTemplate\":\"https:\/\/bring4you.com\/blog\/?s={search_term_string}\"},\"query-input\":{\"@type\":\"PropertyValueSpecification\",\"valueRequired\":true,\"valueName\":\"search_term_string\"}}],\"inLanguage\":\"fr-FR\"},{\"@type\":\"Organization\",\"@id\":\"https:\/\/bring4you.com\/blog\/#organization\",\"name\":\"Bring4You\",\"alternateName\":\"D\u00e9m\u00e9nageur France et international\",\"url\":\"https:\/\/bring4you.com\/blog\/\",\"logo\":{\"@type\":\"ImageObject\",\"inLanguage\":\"fr-FR\",\"@id\":\"https:\/\/bring4you.com\/blog\/#\/schema\/logo\/image\/\",\"url\":\"https:\/\/bring4you.com\/blog\/wp-content\/uploads\/2024\/11\/logo-blanc.svg\",\"contentUrl\":\"https:\/\/bring4you.com\/blog\/wp-content\/uploads\/2024\/11\/logo-blanc.svg\",\"width\":190,\"height\":36,\"caption\":\"Bring4You\"},\"image\":{\"@id\":\"https:\/\/bring4you.com\/blog\/#\/schema\/logo\/image\/\"},\"sameAs\":[\"https:\/\/www.facebook.com\/ibring4you\"]},{\"@type\":\"Person\",\"@id\":\"https:\/\/bring4you.com\/blog\/#\/schema\/person\/9525d65d3a46138e4b1cc59257ff430c\",\"name\":\"Pierre\",\"image\":{\"@type\":\"ImageObject\",\"inLanguage\":\"fr-FR\",\"@id\":\"https:\/\/bring4you.com\/blog\/#\/schema\/person\/image\/\",\"url\":\"https:\/\/secure.gravatar.com\/avatar\/4b213025fcf4e575b3d8c5e983cc41bbfc71c798554b2d784f45f8c989d3c2d8?s=96&d=mm&r=g\",\"contentUrl\":\"https:\/\/secure.gravatar.com\/avatar\/4b213025fcf4e575b3d8c5e983cc41bbfc71c798554b2d784f45f8c989d3c2d8?s=96&d=mm&r=g\",\"caption\":\"Pierre\"},\"description\":\"Pierre Mayeul, le virtuose des mots et r\u00e9dacteur en chef du blog de Bring4You, transforme chaque sujet en un article captivant. Toujours \u00e0 l'aff\u00fbt des derni\u00e8res tendances, il met sa plume au service de vos projets de d\u00e9m\u00e9nagement. Quand il ne r\u00e9dige pas, Pierre aime explorer de nouveaux horizons, tester de nouvelles id\u00e9es, et bien s\u00fbr, pr\u00e9parer son prochain article avec une tasse de caf\u00e9 \u00e0 la main.\"}]}<\/script>\n<!-- \/ Yoast SEO plugin. -->","yoast_head_json":{"title":"S'installer en Belgique : Top 6 des meilleures villes (Maj 2026) - Bring4You","description":"D\u00e9couvrez les meilleures villes pour s'installer en Belgique, avec des conseils pour une transition en douceur : : Bruxelles, Anvers, Gand, Li\u00e8ge...","robots":{"index":"index","follow":"follow","max-snippet":"max-snippet:-1","max-image-preview":"max-image-preview:large","max-video-preview":"max-video-preview:-1"},"canonical":"https:\/\/bring4you.com\/blog\/2026\/04\/10\/top-10-meilleures-villes-ou-sinstaller-en-belgique-en-2026\/","og_locale":"fr_FR","og_type":"article","og_title":"S'installer en Belgique : Top 6 des meilleures villes (Maj 2026) - Bring4You","og_description":"D\u00e9couvrez les meilleures villes pour s'installer en Belgique, avec des conseils pour une transition en douceur : : Bruxelles, Anvers, Gand, Li\u00e8ge...","og_url":"https:\/\/bring4you.com\/blog\/2026\/04\/10\/top-10-meilleures-villes-ou-sinstaller-en-belgique-en-2026\/","og_site_name":"Bring4You","article_publisher":"https:\/\/www.facebook.com\/ibring4you","article_published_time":"2026-04-10T07:02:45+00:00","article_modified_time":"2026-04-10T21:48:54+00:00","og_image":[{"width":1280,"height":853,"url":"https:\/\/bring4you.com\/blog\/wp-content\/uploads\/2024\/09\/sinstaller-en-belgique-meilleures-villes.jpg","type":"image\/jpeg"}],"author":"Pierre","twitter_card":"summary_large_image","twitter_misc":{"\u00c9crit par":"Pierre","Dur\u00e9e de lecture estim\u00e9e":"16 minutes"},"schema":{"@context":"https:\/\/schema.org","@graph":[{"@type":"Article","@id":"https:\/\/bring4you.com\/blog\/2026\/04\/10\/top-10-meilleures-villes-ou-sinstaller-en-belgique-en-2026\/#article","isPartOf":{"@id":"https:\/\/bring4you.com\/blog\/2026\/04\/10\/top-10-meilleures-villes-ou-sinstaller-en-belgique-en-2026\/"},"author":{"name":"Pierre","@id":"https:\/\/bring4you.com\/blog\/#\/schema\/person\/9525d65d3a46138e4b1cc59257ff430c"},"headline":"Les meilleures villes o\u00f9 s&rsquo;installer en Belgique en 2026","datePublished":"2026-04-10T07:02:45+00:00","dateModified":"2026-04-10T21:48:54+00:00","mainEntityOfPage":{"@id":"https:\/\/bring4you.com\/blog\/2026\/04\/10\/top-10-meilleures-villes-ou-sinstaller-en-belgique-en-2026\/"},"wordCount":3304,"commentCount":0,"publisher":{"@id":"https:\/\/bring4you.com\/blog\/#organization"},"image":{"@id":"https:\/\/bring4you.com\/blog\/2026\/04\/10\/top-10-meilleures-villes-ou-sinstaller-en-belgique-en-2026\/#primaryimage"},"thumbnailUrl":"https:\/\/bring4you.com\/blog\/wp-content\/uploads\/2024\/09\/sinstaller-en-belgique-meilleures-villes.jpg","articleSection":["Belgique","D\u00e9m\u00e9nagement","International"],"inLanguage":"fr-FR","potentialAction":[{"@type":"CommentAction","name":"Comment","target":["https:\/\/bring4you.com\/blog\/2026\/04\/10\/top-10-meilleures-villes-ou-sinstaller-en-belgique-en-2026\/#respond"]}]},{"@type":"WebPage","@id":"https:\/\/bring4you.com\/blog\/2026\/04\/10\/top-10-meilleures-villes-ou-sinstaller-en-belgique-en-2026\/","url":"https:\/\/bring4you.com\/blog\/2026\/04\/10\/top-10-meilleures-villes-ou-sinstaller-en-belgique-en-2026\/","name":"S'installer en Belgique : Top 6 des meilleures villes (Maj 2026) - Bring4You","isPartOf":{"@id":"https:\/\/bring4you.com\/blog\/#website"},"primaryImageOfPage":{"@id":"https:\/\/bring4you.com\/blog\/2026\/04\/10\/top-10-meilleures-villes-ou-sinstaller-en-belgique-en-2026\/#primaryimage"},"image":{"@id":"https:\/\/bring4you.com\/blog\/2026\/04\/10\/top-10-meilleures-villes-ou-sinstaller-en-belgique-en-2026\/#primaryimage"},"thumbnailUrl":"https:\/\/bring4you.com\/blog\/wp-content\/uploads\/2024\/09\/sinstaller-en-belgique-meilleures-villes.jpg","datePublished":"2026-04-10T07:02:45+00:00","dateModified":"2026-04-10T21:48:54+00:00","description":"D\u00e9couvrez les meilleures villes pour s'installer en Belgique, avec des conseils pour une transition en douceur : : Bruxelles, Anvers, Gand, Li\u00e8ge...","breadcrumb":{"@id":"https:\/\/bring4you.com\/blog\/2026\/04\/10\/top-10-meilleures-villes-ou-sinstaller-en-belgique-en-2026\/#breadcrumb"},"inLanguage":"fr-FR","potentialAction":[{"@type":"ReadAction","target":["https:\/\/bring4you.com\/blog\/2026\/04\/10\/top-10-meilleures-villes-ou-sinstaller-en-belgique-en-2026\/"]}]},{"@type":"ImageObject","inLanguage":"fr-FR","@id":"https:\/\/bring4you.com\/blog\/2026\/04\/10\/top-10-meilleures-villes-ou-sinstaller-en-belgique-en-2026\/#primaryimage","url":"https:\/\/bring4you.com\/blog\/wp-content\/uploads\/2024\/09\/sinstaller-en-belgique-meilleures-villes.jpg","contentUrl":"https:\/\/bring4you.com\/blog\/wp-content\/uploads\/2024\/09\/sinstaller-en-belgique-meilleures-villes.jpg","width":1280,"height":853},{"@type":"BreadcrumbList","@id":"https:\/\/bring4you.com\/blog\/2026\/04\/10\/top-10-meilleures-villes-ou-sinstaller-en-belgique-en-2026\/#breadcrumb","itemListElement":[{"@type":"ListItem","position":1,"name":"Accueil","item":"https:\/\/bring4you.com\/blog\/"},{"@type":"ListItem","position":2,"name":"Les meilleures villes o\u00f9 s&rsquo;installer en Belgique en 2026"}]},{"@type":"WebSite","@id":"https:\/\/bring4you.com\/blog\/#website","url":"https:\/\/bring4you.com\/blog\/","name":"Bring4You","description":"D\u00e9m\u00e9nagement","publisher":{"@id":"https:\/\/bring4you.com\/blog\/#organization"},"potentialAction":[{"@type":"SearchAction","target":{"@type":"EntryPoint","urlTemplate":"https:\/\/bring4you.com\/blog\/?s={search_term_string}"},"query-input":{"@type":"PropertyValueSpecification","valueRequired":true,"valueName":"search_term_string"}}],"inLanguage":"fr-FR"},{"@type":"Organization","@id":"https:\/\/bring4you.com\/blog\/#organization","name":"Bring4You","alternateName":"D\u00e9m\u00e9nageur France et international","url":"https:\/\/bring4you.com\/blog\/","logo":{"@type":"ImageObject","inLanguage":"fr-FR","@id":"https:\/\/bring4you.com\/blog\/#\/schema\/logo\/image\/","url":"https:\/\/bring4you.com\/blog\/wp-content\/uploads\/2024\/11\/logo-blanc.svg","contentUrl":"https:\/\/bring4you.com\/blog\/wp-content\/uploads\/2024\/11\/logo-blanc.svg","width":190,"height":36,"caption":"Bring4You"},"image":{"@id":"https:\/\/bring4you.com\/blog\/#\/schema\/logo\/image\/"},"sameAs":["https:\/\/www.facebook.com\/ibring4you"]},{"@type":"Person","@id":"https:\/\/bring4you.com\/blog\/#\/schema\/person\/9525d65d3a46138e4b1cc59257ff430c","name":"Pierre","image":{"@type":"ImageObject","inLanguage":"fr-FR","@id":"https:\/\/bring4you.com\/blog\/#\/schema\/person\/image\/","url":"https:\/\/secure.gravatar.com\/avatar\/4b213025fcf4e575b3d8c5e983cc41bbfc71c798554b2d784f45f8c989d3c2d8?s=96&d=mm&r=g","contentUrl":"https:\/\/secure.gravatar.com\/avatar\/4b213025fcf4e575b3d8c5e983cc41bbfc71c798554b2d784f45f8c989d3c2d8?s=96&d=mm&r=g","caption":"Pierre"},"description":"Pierre Mayeul, le virtuose des mots et r\u00e9dacteur en chef du blog de Bring4You, transforme chaque sujet en un article captivant. Toujours \u00e0 l'aff\u00fbt des derni\u00e8res tendances, il met sa plume au service de vos projets de d\u00e9m\u00e9nagement. Quand il ne r\u00e9dige pas, Pierre aime explorer de nouveaux horizons, tester de nouvelles id\u00e9es, et bien s\u00fbr, pr\u00e9parer son prochain article avec une tasse de caf\u00e9 \u00e0 la main."}]}},"_links":{"self":[{"href":"https:\/\/bring4you.com\/blog\/wp-json\/wp\/v2\/posts\/1609","targetHints":{"allow":["GET"]}}],"collection":[{"href":"https:\/\/bring4you.com\/blog\/wp-json\/wp\/v2\/posts"}],"about":[{"href":"https:\/\/bring4you.com\/blog\/wp-json\/wp\/v2\/types\/post"}],"author":[{"embeddable":true,"href":"https:\/\/bring4you.com\/blog\/wp-json\/wp\/v2\/users\/3"}],"replies":[{"embeddable":true,"href":"https:\/\/bring4you.com\/blog\/wp-json\/wp\/v2\/comments?post=1609"}],"version-history":[{"count":17,"href":"https:\/\/bring4you.com\/blog\/wp-json\/wp\/v2\/posts\/1609\/revisions"}],"predecessor-version":[{"id":6396,"href":"https:\/\/bring4you.com\/blog\/wp-json\/wp\/v2\/posts\/1609\/revisions\/6396"}],"wp:featuredmedia":[{"embeddable":true,"href":"https:\/\/bring4you.com\/blog\/wp-json\/wp\/v2\/media\/6394"}],"wp:attachment":[{"href":"https:\/\/bring4you.com\/blog\/wp-json\/wp\/v2\/media?parent=1609"}],"wp:term":[{"taxonomy":"category","embeddable":true,"href":"https:\/\/bring4you.com\/blog\/wp-json\/wp\/v2\/categories?post=1609"},{"taxonomy":"post_tag","embeddable":true,"href":"https:\/\/bring4you.com\/blog\/wp-json\/wp\/v2\/tags?post=1609"}],"curies":[{"name":"wp","href":"https:\/\/api.w.org\/{rel}","templated":true}]}}