{"id":1514,"date":"2024-07-30T06:27:03","date_gmt":"2024-07-30T06:27:03","guid":{"rendered":"https:\/\/bring4you.com\/blog\/?p=1514"},"modified":"2026-04-10T14:32:29","modified_gmt":"2026-04-10T14:32:29","slug":"comment-demenager-en-belgique","status":"publish","type":"post","link":"https:\/\/bring4you.com\/blog\/2024\/07\/30\/comment-demenager-en-belgique\/","title":{"rendered":"Comment d\u00e9m\u00e9nager en Belgique : Guide complet"},"content":{"rendered":"\t\t<div data-elementor-type=\"wp-post\" data-elementor-id=\"1514\" class=\"elementor elementor-1514\" data-elementor-post-type=\"post\">\n\t\t\t\t<div class=\"elementor-element elementor-element-344ed21f e-flex e-con-boxed e-con e-parent\" data-id=\"344ed21f\" data-element_type=\"container\">\n\t\t\t\t\t<div class=\"e-con-inner\">\n\t\t\t\t<div class=\"elementor-element elementor-element-e44c8b1 elementor-widget elementor-widget-text-editor\" data-id=\"e44c8b1\" data-element_type=\"widget\" data-widget_type=\"text-editor.default\">\n\t\t\t\t\t\t\t\t\t<h2>Belgique, terre promise\u2026 ou terrain min\u00e9 ?<\/h2><p>Soyons francs : <strong>la Belgique attire !<\/strong>\u00a0<br \/>Chaque ann\u00e9e, des milliers de Fran\u00e7ais franchissent la fronti\u00e8re avec leurs cartons, leurs r\u00eaves et (souvent) une id\u00e9e tr\u00e8s floue de ce qui les attend. En 2024, selon les donn\u00e9es de l&rsquo;Office des \u00e9trangers belge, <strong>plus de 28 000 ressortissants fran\u00e7ais se sont officiellement install\u00e9s en Belgique<\/strong>, un chiffre en hausse de 6% par rapport \u00e0 2022. Les raisons ? La fiscalit\u00e9 plus cl\u00e9mente pour les ind\u00e9pendants, les loyers encore raisonnables en dehors de Bruxelles et la qualit\u00e9 de vie dans des villes comme Gand ou <a href=\"https:\/\/bring4you.com\/blog\/2026\/01\/12\/demenagement-a-liege-au-meilleur-prix\/\">Li\u00e8ge<\/a>, qui n&rsquo;ont rien \u00e0 envier aux m\u00e9tropoles fran\u00e7aises.<\/p><p>Mais voil\u00e0 le truc que personne ne vous dit : <strong>la proximit\u00e9 g\u00e9ographique donne une fausse impression de simplicit\u00e9<\/strong>. La Belgique, c&rsquo;est en r\u00e9alit\u00e9 trois r\u00e9gions, trois syst\u00e8mes administratifs partiellement distincts et deux (voire trois) langues selon o\u00f9 vous atterrissez. Un client nous a contact\u00e9s en panique trois jours <a href=\"https:\/\/bring4you.com\/demenagement\/bruxelles\">avant son emm\u00e9nagement \u00e0 Bruxelles<\/a> parce qu&rsquo;il ne savait pas qu&rsquo;il devait s&rsquo;inscrire \u00e0 la commune dans les huit jours. Pas dans les deux mois. <strong>Les huit (8) jours !<\/strong>\u00a0Ce genre de d\u00e9tail peut co\u00fbter cher.<\/p>\t\t\t\t\t\t\t\t<\/div>\n\t\t\t\t\t<\/div>\n\t\t\t\t<\/div>\n\t\t<div class=\"elementor-element elementor-element-1fa4bd0 e-flex e-con-boxed e-con e-parent\" data-id=\"1fa4bd0\" data-element_type=\"container\" data-settings=\"{&quot;background_background&quot;:&quot;classic&quot;}\">\n\t\t\t\t\t<div class=\"e-con-inner\">\n\t\t<div class=\"elementor-element elementor-element-8fc1d71 e-con-full e-flex e-con e-child\" data-id=\"8fc1d71\" data-element_type=\"container\" data-settings=\"{&quot;background_background&quot;:&quot;slideshow&quot;,&quot;background_slideshow_gallery&quot;:[{&quot;id&quot;:2967,&quot;url&quot;:&quot;https:\\\/\\\/bring4you.com\\\/blog\\\/wp-content\\\/uploads\\\/2025\\\/07\\\/2.png&quot;}],&quot;background_slideshow_loop&quot;:&quot;yes&quot;,&quot;background_slideshow_slide_duration&quot;:5000,&quot;background_slideshow_slide_transition&quot;:&quot;fade&quot;,&quot;background_slideshow_transition_duration&quot;:500}\">\n\t\t\t\t<\/div>\n\t\t<div class=\"elementor-element elementor-element-8be4dfb e-con-full e-flex e-con e-child\" data-id=\"8be4dfb\" data-element_type=\"container\">\n\t\t\t\t<div class=\"elementor-element elementor-element-fd1601f elementor-headline--style-highlight elementor-widget elementor-widget-animated-headline\" data-id=\"fd1601f\" data-element_type=\"widget\" data-settings=\"{&quot;highlighted_text&quot;:&quot;Marc&quot;,&quot;marker&quot;:&quot;double_underline&quot;,&quot;headline_style&quot;:&quot;highlight&quot;,&quot;loop&quot;:&quot;yes&quot;,&quot;highlight_animation_duration&quot;:1200,&quot;highlight_iteration_delay&quot;:8000}\" data-widget_type=\"animated-headline.default\">\n\t\t\t\t\t\t\t<h2 class=\"elementor-headline\">\n\t\t\t\t\t<span class=\"elementor-headline-plain-text elementor-headline-text-wrapper\">L'expertise de <\/span>\n\t\t\t\t<span class=\"elementor-headline-dynamic-wrapper elementor-headline-text-wrapper\">\n\t\t\t\t\t<span class=\"elementor-headline-dynamic-text elementor-headline-text-active\">Marc<\/span>\n\t\t\t\t<\/span>\n\t\t\t\t\t<span class=\"elementor-headline-plain-text elementor-headline-text-wrapper\">, chauffeur grand-routier franco-belge<\/span>\n\t\t\t\t\t<\/h2>\n\t\t\t\t\t\t<\/div>\n\t\t\t\t<div class=\"elementor-element elementor-element-24ffaca elementor-widget elementor-widget-text-editor\" data-id=\"24ffaca\" data-element_type=\"widget\" data-widget_type=\"text-editor.default\">\n\t\t\t\t\t\t\t\t\t<h3><strong>\u00ab La Belgique, \u00e7a pardonne pas les amateurs \u00bb<\/strong><\/h3><p>Marc conduit des camions de d\u00e9m\u00e9nagement entre la France et la Belgique depuis quinze ans. Quand on lui demande ce qui diff\u00e9rencie ce trajet des autres destinations europ\u00e9ennes, il prend une longue pause avant de r\u00e9pondre :<\/p><p>\u00ab\u00a0<em>Le probl\u00e8me, c&rsquo;est que les gens pensent que c&rsquo;est juste \u00e0 c\u00f4t\u00e9. Alors ils ne pr\u00e9voient rien. Ils louent un camion au dernier moment, ils ne v\u00e9rifient pas les restrictions de circulation \u00e0 Bruxelles et hop ils se retrouvent bloqu\u00e9s dans une zone pi\u00e9tonne avec 8 tonnes de meubles et un agent de police qui ne parle pas fran\u00e7ais. J&rsquo;ai vu \u00e7a. Plusieurs fois.<\/em>\u00ab\u00a0<\/p><p>Pour Marc, deux erreurs reviennent syst\u00e9matiquement. La premi\u00e8re : ignorer les <strong>zones de circulation r\u00e9glement\u00e9e<\/strong> dans les grandes villes belges, notamment \u00e0 Bruxelles <a href=\"https:\/\/lez.brussels\/mytax\/fr\/\" target=\"_blank\" rel=\"noopener\">o\u00f9 la Low Emission Zone (LEZ) couvre aujourd&rsquo;hui l&rsquo;int\u00e9gralit\u00e9 de la R\u00e9gion de Bruxelles-Capitale<\/a>. Un camion non conforme peut se voir refuser l&rsquo;acc\u00e8s et l&rsquo;amende tombe vite. La seconde : <strong>n\u00e9gliger les cr\u00e9neaux de livraison.<\/strong> \u00ab\u00a0<em>\u00c0 Bruxelles, certaines rues ont des plages horaires strictes pour le chargement. Si t&rsquo;arrives \u00e0 14h et que c&rsquo;est autoris\u00e9 seulement le matin, tu dois attendre. Ou trouver une solution en catastrophe.<\/em>\u00ab\u00a0<\/p>\t\t\t\t\t\t\t\t<\/div>\n\t\t\t\t<\/div>\n\t\t\t\t\t<\/div>\n\t\t\t\t<\/div>\n\t\t<div class=\"elementor-element elementor-element-8de642e e-flex e-con-boxed e-con e-parent\" data-id=\"8de642e\" data-element_type=\"container\" data-settings=\"{&quot;background_background&quot;:&quot;classic&quot;}\">\n\t\t\t\t\t<div class=\"e-con-inner\">\n\t\t<div class=\"elementor-element elementor-element-0016438 e-con-full e-flex e-con e-child\" data-id=\"0016438\" data-element_type=\"container\">\n\t\t\t\t<div class=\"elementor-element elementor-element-81a887e elementor-headline--style-highlight elementor-widget elementor-widget-animated-headline\" data-id=\"81a887e\" data-element_type=\"widget\" data-settings=\"{&quot;highlighted_text&quot;:&quot;pour d\\u00e9m\\u00e9nager en Belgique&quot;,&quot;marker&quot;:&quot;double_underline&quot;,&quot;headline_style&quot;:&quot;highlight&quot;,&quot;loop&quot;:&quot;yes&quot;,&quot;highlight_animation_duration&quot;:1200,&quot;highlight_iteration_delay&quot;:8000}\" data-widget_type=\"animated-headline.default\">\n\t\t\t\t\t\t\t<h2 class=\"elementor-headline\">\n\t\t\t\t\t<span class=\"elementor-headline-plain-text elementor-headline-text-wrapper\">Les d\u00e9marches administratives <\/span>\n\t\t\t\t<span class=\"elementor-headline-dynamic-wrapper elementor-headline-text-wrapper\">\n\t\t\t\t\t<span class=\"elementor-headline-dynamic-text elementor-headline-text-active\">pour d\u00e9m\u00e9nager en Belgique<\/span>\n\t\t\t\t<\/span>\n\t\t\t\t\t<span class=\"elementor-headline-plain-text elementor-headline-text-wrapper\"> en 2026 !<\/span>\n\t\t\t\t\t<\/h2>\n\t\t\t\t\t\t<\/div>\n\t\t\t\t<div class=\"elementor-element elementor-element-ef2ce2e elementor-widget elementor-widget-text-editor\" data-id=\"ef2ce2e\" data-element_type=\"widget\" data-widget_type=\"text-editor.default\">\n\t\t\t\t\t\t\t\t\t<p>D\u00e9m\u00e9nager en Belgique implique plusieurs d\u00e9marches administratives essentielles. Il est important de v\u00e9rifier les exigences de visa, de s\u2019inscrire aupr\u00e8s de l\u2019administration communale, et d\u2019ouvrir un compte bancaire. La souscription \u00e0 une assurance sant\u00e9 belge est \u00e9galement n\u00e9cessaire. Suivez ces \u00e9tapes pour assurer une transition en douceur et conforme aux r\u00e9gulations locales.<\/p><h3>Quelles sont les d\u00e9marches \u00e0 faire pour s\u2019installer en Belgique ?<\/h3><p><span style=\"font-weight: 400;\">Pour s&rsquo;installer en Belgique, commencez par obtenir un visa si n\u00e9cessaire. Ensuite, trouvez un logement et organisez le transport de vos biens. Ouvrez un compte bancaire belge et souscrivez \u00e0 une assurance sant\u00e9. Enfin, inscrivez-vous aupr\u00e8s de l&rsquo;administration communale de votre nouvelle r\u00e9sidence.<\/span><\/p>\t\t\t\t\t\t\t\t<\/div>\n\t\t\t\t<div class=\"elementor-element elementor-element-92508f9 elementor-widget elementor-widget-n-accordion\" data-id=\"92508f9\" data-element_type=\"widget\" data-settings=\"{&quot;default_state&quot;:&quot;expanded&quot;,&quot;max_items_expended&quot;:&quot;one&quot;,&quot;n_accordion_animation_duration&quot;:{&quot;unit&quot;:&quot;ms&quot;,&quot;size&quot;:400,&quot;sizes&quot;:[]}}\" data-widget_type=\"nested-accordion.default\">\n\t\t\t\t\t\t\t<div class=\"e-n-accordion\" aria-label=\"Accordion. Open links with Enter or Space, close with Escape, and navigate with Arrow Keys\">\n\t\t\t\t\t\t<details id=\"e-n-accordion-item-1530\" class=\"e-n-accordion-item\" open>\n\t\t\t\t<summary class=\"e-n-accordion-item-title\" data-accordion-index=\"1\" tabindex=\"0\" aria-expanded=\"true\" aria-controls=\"e-n-accordion-item-1530\" >\n\t\t\t\t\t<span class='e-n-accordion-item-title-header'><div class=\"e-n-accordion-item-title-text\"> D\u00e9marches \u00e0 effectuer en tant que Fran\u00e7ais\u00a0 <\/div><\/span>\n\t\t\t\t\t\t\t<span class='e-n-accordion-item-title-icon'>\n\t\t\t<span class='e-opened' ><svg aria-hidden=\"true\" class=\"e-font-icon-svg e-fas-minus\" viewBox=\"0 0 448 512\" xmlns=\"http:\/\/www.w3.org\/2000\/svg\"><path d=\"M416 208H32c-17.67 0-32 14.33-32 32v32c0 17.67 14.33 32 32 32h384c17.67 0 32-14.33 32-32v-32c0-17.67-14.33-32-32-32z\"><\/path><\/svg><\/span>\n\t\t\t<span class='e-closed'><svg aria-hidden=\"true\" class=\"e-font-icon-svg e-fas-plus\" viewBox=\"0 0 448 512\" xmlns=\"http:\/\/www.w3.org\/2000\/svg\"><path d=\"M416 208H272V64c0-17.67-14.33-32-32-32h-32c-17.67 0-32 14.33-32 32v144H32c-17.67 0-32 14.33-32 32v32c0 17.67 14.33 32 32 32h144v144c0 17.67 14.33 32 32 32h32c17.67 0 32-14.33 32-32V304h144c17.67 0 32-14.33 32-32v-32c0-17.67-14.33-32-32-32z\"><\/path><\/svg><\/span>\n\t\t<\/span>\n\n\t\t\t\t\t\t<\/summary>\n\t\t\t\t<div role=\"region\" aria-labelledby=\"e-n-accordion-item-1530\" class=\"elementor-element elementor-element-9604bac e-con-full e-flex e-con e-child\" data-id=\"9604bac\" data-element_type=\"container\">\n\t\t\t\t<div class=\"elementor-element elementor-element-a581c11 elementor-widget elementor-widget-text-editor\" data-id=\"a581c11\" data-element_type=\"widget\" data-widget_type=\"text-editor.default\">\n\t\t\t\t\t\t\t\t\t<p><span style=\"font-weight: 400;\">En tant que Fran\u00e7ais, vous n&rsquo;avez pas besoin de visa pour vous installer en Belgique. Toutefois, il est important de vous inscrire aupr\u00e8s de l&rsquo;administration communale de votre nouvelle r\u00e9sidence dans les huit jours suivant votre arriv\u00e9e. Ouvrez un compte bancaire local et assurez-vous d&rsquo;avoir une assurance sant\u00e9 belge.<\/span><\/p>\t\t\t\t\t\t\t\t<\/div>\n\t\t\t\t<\/div>\n\t\t\t\t\t<\/details>\n\t\t\t\t\t\t<details id=\"e-n-accordion-item-1531\" class=\"e-n-accordion-item\" >\n\t\t\t\t<summary class=\"e-n-accordion-item-title\" data-accordion-index=\"2\" tabindex=\"-1\" aria-expanded=\"false\" aria-controls=\"e-n-accordion-item-1531\" >\n\t\t\t\t\t<span class='e-n-accordion-item-title-header'><div class=\"e-n-accordion-item-title-text\"> Inscription \u00e0 l\u2019administration communale\u00a0 <\/div><\/span>\n\t\t\t\t\t\t\t<span class='e-n-accordion-item-title-icon'>\n\t\t\t<span class='e-opened' ><svg aria-hidden=\"true\" class=\"e-font-icon-svg e-fas-minus\" viewBox=\"0 0 448 512\" xmlns=\"http:\/\/www.w3.org\/2000\/svg\"><path d=\"M416 208H32c-17.67 0-32 14.33-32 32v32c0 17.67 14.33 32 32 32h384c17.67 0 32-14.33 32-32v-32c0-17.67-14.33-32-32-32z\"><\/path><\/svg><\/span>\n\t\t\t<span class='e-closed'><svg aria-hidden=\"true\" class=\"e-font-icon-svg e-fas-plus\" viewBox=\"0 0 448 512\" xmlns=\"http:\/\/www.w3.org\/2000\/svg\"><path d=\"M416 208H272V64c0-17.67-14.33-32-32-32h-32c-17.67 0-32 14.33-32 32v144H32c-17.67 0-32 14.33-32 32v32c0 17.67 14.33 32 32 32h144v144c0 17.67 14.33 32 32 32h32c17.67 0 32-14.33 32-32V304h144c17.67 0 32-14.33 32-32v-32c0-17.67-14.33-32-32-32z\"><\/path><\/svg><\/span>\n\t\t<\/span>\n\n\t\t\t\t\t\t<\/summary>\n\t\t\t\t<div role=\"region\" aria-labelledby=\"e-n-accordion-item-1531\" class=\"elementor-element elementor-element-aa6c734 e-con-full e-flex e-con e-child\" data-id=\"aa6c734\" data-element_type=\"container\">\n\t\t\t\t<div class=\"elementor-element elementor-element-c1adc19 elementor-widget elementor-widget-text-editor\" data-id=\"c1adc19\" data-element_type=\"widget\" data-widget_type=\"text-editor.default\">\n\t\t\t\t\t\t\t\t\t<p><span style=\"font-weight: 400;\">L&rsquo;inscription \u00e0 l&rsquo;administration communale est obligatoire dans les huit jours suivant votre arriv\u00e9e en Belgique. Pr\u00e9sentez votre passeport ou carte d&rsquo;identit\u00e9, un contrat de bail ou une preuve de propri\u00e9t\u00e9, et une photo d&rsquo;identit\u00e9. Vous recevrez une carte de r\u00e9sident apr\u00e8s v\u00e9rification de votre domicile par la police.<\/span><\/p>\t\t\t\t\t\t\t\t<\/div>\n\t\t\t\t<\/div>\n\t\t\t\t\t<\/details>\n\t\t\t\t\t\t<details id=\"e-n-accordion-item-1532\" class=\"e-n-accordion-item\" >\n\t\t\t\t<summary class=\"e-n-accordion-item-title\" data-accordion-index=\"3\" tabindex=\"-1\" aria-expanded=\"false\" aria-controls=\"e-n-accordion-item-1532\" >\n\t\t\t\t\t<span class='e-n-accordion-item-title-header'><div class=\"e-n-accordion-item-title-text\"> Domiciliation en Belgique\u00a0 <\/div><\/span>\n\t\t\t\t\t\t\t<span class='e-n-accordion-item-title-icon'>\n\t\t\t<span class='e-opened' ><svg aria-hidden=\"true\" class=\"e-font-icon-svg e-fas-minus\" viewBox=\"0 0 448 512\" xmlns=\"http:\/\/www.w3.org\/2000\/svg\"><path d=\"M416 208H32c-17.67 0-32 14.33-32 32v32c0 17.67 14.33 32 32 32h384c17.67 0 32-14.33 32-32v-32c0-17.67-14.33-32-32-32z\"><\/path><\/svg><\/span>\n\t\t\t<span class='e-closed'><svg aria-hidden=\"true\" class=\"e-font-icon-svg e-fas-plus\" viewBox=\"0 0 448 512\" xmlns=\"http:\/\/www.w3.org\/2000\/svg\"><path d=\"M416 208H272V64c0-17.67-14.33-32-32-32h-32c-17.67 0-32 14.33-32 32v144H32c-17.67 0-32 14.33-32 32v32c0 17.67 14.33 32 32 32h144v144c0 17.67 14.33 32 32 32h32c17.67 0 32-14.33 32-32V304h144c17.67 0 32-14.33 32-32v-32c0-17.67-14.33-32-32-32z\"><\/path><\/svg><\/span>\n\t\t<\/span>\n\n\t\t\t\t\t\t<\/summary>\n\t\t\t\t<div role=\"region\" aria-labelledby=\"e-n-accordion-item-1532\" class=\"elementor-element elementor-element-aaef2dd e-con-full e-flex e-con e-child\" data-id=\"aaef2dd\" data-element_type=\"container\">\n\t\t\t\t<div class=\"elementor-element elementor-element-d8ea9c5 elementor-widget elementor-widget-text-editor\" data-id=\"d8ea9c5\" data-element_type=\"widget\" data-widget_type=\"text-editor.default\">\n\t\t\t\t\t\t\t\t\t<p><span style=\"font-weight: 400;\">La domiciliation en Belgique implique l&rsquo;enregistrement de votre adresse principale aupr\u00e8s de l&rsquo;administration communale. Cela vous permet de recevoir une carte de r\u00e9sident et d&rsquo;acc\u00e9der aux services locaux. Vous devrez fournir des documents tels qu&rsquo;un contrat de bail ou une preuve de propri\u00e9t\u00e9 et une pi\u00e8ce d&rsquo;identit\u00e9.<\/span><\/p>\t\t\t\t\t\t\t\t<\/div>\n\t\t\t\t<\/div>\n\t\t\t\t\t<\/details>\n\t\t\t\t\t<\/div>\n\t\t\t\t\t\t<\/div>\n\t\t\t\t<\/div>\n\t\t<div class=\"elementor-element elementor-element-f209247 e-con-full e-flex e-con e-child\" data-id=\"f209247\" data-element_type=\"container\" data-settings=\"{&quot;background_background&quot;:&quot;slideshow&quot;,&quot;background_slideshow_gallery&quot;:[{&quot;id&quot;:3042,&quot;url&quot;:&quot;https:\\\/\\\/bring4you.com\\\/blog\\\/wp-content\\\/uploads\\\/2025\\\/07\\\/changement-assurance-demenagement.jpg&quot;}],&quot;background_slideshow_loop&quot;:&quot;yes&quot;,&quot;background_slideshow_slide_duration&quot;:5000,&quot;background_slideshow_slide_transition&quot;:&quot;fade&quot;,&quot;background_slideshow_transition_duration&quot;:500}\">\n\t\t\t\t<\/div>\n\t\t\t\t\t<\/div>\n\t\t\t\t<\/div>\n\t\t<div class=\"elementor-element elementor-element-7571792 e-flex e-con-boxed e-con e-parent\" data-id=\"7571792\" data-element_type=\"container\">\n\t\t\t\t\t<div class=\"e-con-inner\">\n\t\t\t\t<div class=\"elementor-element elementor-element-ae7fff8 elementor-headline--style-highlight elementor-widget elementor-widget-animated-headline\" data-id=\"ae7fff8\" data-element_type=\"widget\" data-settings=\"{&quot;highlighted_text&quot;:&quot; Bring4You ?&quot;,&quot;headline_style&quot;:&quot;highlight&quot;,&quot;marker&quot;:&quot;circle&quot;,&quot;loop&quot;:&quot;yes&quot;,&quot;highlight_animation_duration&quot;:1200,&quot;highlight_iteration_delay&quot;:8000}\" data-widget_type=\"animated-headline.default\">\n\t\t\t\t\t\t\t<h2 class=\"elementor-headline\">\n\t\t\t\t\t<span class=\"elementor-headline-plain-text elementor-headline-text-wrapper\">Comment \u00e7a marche un d\u00e9m\u00e9nagement en  avec<\/span>\n\t\t\t\t<span class=\"elementor-headline-dynamic-wrapper elementor-headline-text-wrapper\">\n\t\t\t\t\t<span class=\"elementor-headline-dynamic-text elementor-headline-text-active\"> Bring4You ?<\/span>\n\t\t\t\t<\/span>\n\t\t\t\t<\/h2>\n\t\t\t\t\t\t<\/div>\n\t\t\t\t\t<\/div>\n\t\t\t\t<\/div>\n\t\t<div class=\"elementor-element elementor-element-3be0c31 e-flex e-con-boxed e-con e-parent\" data-id=\"3be0c31\" data-element_type=\"container\">\n\t\t\t\t\t<div class=\"e-con-inner\">\n\t\t<div class=\"elementor-element elementor-element-9978162 e-con-full e-flex e-con e-child\" data-id=\"9978162\" data-element_type=\"container\">\n\t\t<div class=\"elementor-element elementor-element-1ffbf59 e-con-full e-flex e-con e-child\" data-id=\"1ffbf59\" data-element_type=\"container\">\n\t\t\t\t<div class=\"elementor-element elementor-element-d2a556e elementor-headline--style-highlight elementor-widget elementor-widget-animated-headline\" data-id=\"d2a556e\" data-element_type=\"widget\" data-settings=\"{&quot;highlighted_text&quot;:&quot;annonce&quot;,&quot;headline_style&quot;:&quot;highlight&quot;,&quot;marker&quot;:&quot;circle&quot;,&quot;loop&quot;:&quot;yes&quot;,&quot;highlight_animation_duration&quot;:1200,&quot;highlight_iteration_delay&quot;:8000}\" data-widget_type=\"animated-headline.default\">\n\t\t\t\t\t\t\t<h4 class=\"elementor-headline\">\n\t\t\t\t\t<span class=\"elementor-headline-plain-text elementor-headline-text-wrapper\">1. D\u00e9posez votre<\/span>\n\t\t\t\t<span class=\"elementor-headline-dynamic-wrapper elementor-headline-text-wrapper\">\n\t\t\t\t\t<span class=\"elementor-headline-dynamic-text elementor-headline-text-active\">annonce<\/span>\n\t\t\t\t<\/span>\n\t\t\t\t<\/h4>\n\t\t\t\t\t\t<\/div>\n\t\t\t\t<div class=\"elementor-element elementor-element-0cae40a elementor-widget elementor-widget-text-editor\" data-id=\"0cae40a\" data-element_type=\"widget\" data-widget_type=\"text-editor.default\">\n\t\t\t\t\t\t\t\t\t<p style=\"text-align: center;\">Pour obtenir un <strong>devis pr\u00e9cis<\/strong> et adapt\u00e9 \u00e0 votre situation, prenez quelques instants pour nous fournir des informations cl\u00e9s<\/p>\t\t\t\t\t\t\t\t<\/div>\n\t\t\t\t<\/div>\n\t\t\t\t<\/div>\n\t\t<div class=\"elementor-element elementor-element-72fddc7 e-con-full e-flex e-con e-child\" data-id=\"72fddc7\" data-element_type=\"container\">\n\t\t<div class=\"elementor-element elementor-element-c84d173 e-con-full e-flex e-con e-child\" data-id=\"c84d173\" data-element_type=\"container\">\n\t\t\t\t<div class=\"elementor-element elementor-element-16b55d7 elementor-headline--style-highlight elementor-widget elementor-widget-animated-headline\" data-id=\"16b55d7\" data-element_type=\"widget\" data-settings=\"{&quot;highlighted_text&quot;:&quot;devis&quot;,&quot;headline_style&quot;:&quot;highlight&quot;,&quot;marker&quot;:&quot;circle&quot;,&quot;loop&quot;:&quot;yes&quot;,&quot;highlight_animation_duration&quot;:1200,&quot;highlight_iteration_delay&quot;:8000}\" data-widget_type=\"animated-headline.default\">\n\t\t\t\t\t\t\t<h4 class=\"elementor-headline\">\n\t\t\t\t\t<span class=\"elementor-headline-plain-text elementor-headline-text-wrapper\">2. Obtenez des <\/span>\n\t\t\t\t<span class=\"elementor-headline-dynamic-wrapper elementor-headline-text-wrapper\">\n\t\t\t\t\t<span class=\"elementor-headline-dynamic-text elementor-headline-text-active\">devis<\/span>\n\t\t\t\t<\/span>\n\t\t\t\t<\/h4>\n\t\t\t\t\t\t<\/div>\n\t\t\t\t<div class=\"elementor-element elementor-element-367bda6 elementor-widget elementor-widget-text-editor\" data-id=\"367bda6\" data-element_type=\"widget\" data-widget_type=\"text-editor.default\">\n\t\t\t\t\t\t\t\t\t<p style=\"text-align: center;\">En quelques minutes, vous allez recevoir <strong>plusieurs propositions<\/strong> de notre r\u00e9seau de d\u00e9m\u00e9nageurs qui vous fourniront des devis<\/p>\t\t\t\t\t\t\t\t<\/div>\n\t\t\t\t<\/div>\n\t\t\t\t<\/div>\n\t\t<div class=\"elementor-element elementor-element-9ff46d0 e-con-full e-flex e-con e-child\" data-id=\"9ff46d0\" data-element_type=\"container\">\n\t\t<div class=\"elementor-element elementor-element-4db588b e-con-full e-flex e-con e-child\" data-id=\"4db588b\" data-element_type=\"container\">\n\t\t\t\t<div class=\"elementor-element elementor-element-b0f92a0 elementor-headline--style-highlight elementor-widget elementor-widget-animated-headline\" data-id=\"b0f92a0\" data-element_type=\"widget\" data-settings=\"{&quot;highlighted_text&quot;:&quot;d\\u00e9m\\u00e9nageur&quot;,&quot;headline_style&quot;:&quot;highlight&quot;,&quot;marker&quot;:&quot;circle&quot;,&quot;loop&quot;:&quot;yes&quot;,&quot;highlight_animation_duration&quot;:1200,&quot;highlight_iteration_delay&quot;:8000}\" data-widget_type=\"animated-headline.default\">\n\t\t\t\t\t\t\t<h4 class=\"elementor-headline\">\n\t\t\t\t\t<span class=\"elementor-headline-plain-text elementor-headline-text-wrapper\">3. Choisissez votre<\/span>\n\t\t\t\t<span class=\"elementor-headline-dynamic-wrapper elementor-headline-text-wrapper\">\n\t\t\t\t\t<span class=\"elementor-headline-dynamic-text elementor-headline-text-active\">d\u00e9m\u00e9nageur<\/span>\n\t\t\t\t<\/span>\n\t\t\t\t<\/h4>\n\t\t\t\t\t\t<\/div>\n\t\t\t\t<div class=\"elementor-element elementor-element-2572df7 elementor-widget elementor-widget-text-editor\" data-id=\"2572df7\" data-element_type=\"widget\" data-widget_type=\"text-editor.default\">\n\t\t\t\t\t\t\t\t\t<p style=\"text-align: center;\">Vous allez pouvoir <strong>comparer facilement<\/strong> les diff\u00e9rents devis que vous avez obtenu et choisir celui qui r\u00e9pond au mieux \u00e0 vos besoins<\/p>\t\t\t\t\t\t\t\t<\/div>\n\t\t\t\t<\/div>\n\t\t\t\t<\/div>\n\t\t\t\t\t<\/div>\n\t\t\t\t<\/div>\n\t\t<div class=\"elementor-element elementor-element-20aa8cc e-flex e-con-boxed e-con e-parent\" data-id=\"20aa8cc\" data-element_type=\"container\" data-settings=\"{&quot;background_background&quot;:&quot;classic&quot;}\">\n\t\t\t\t\t<div class=\"e-con-inner\">\n\t\t<div class=\"elementor-element elementor-element-ca16845 e-con-full e-flex e-con e-child\" data-id=\"ca16845\" data-element_type=\"container\">\n\t\t\t\t<div class=\"elementor-element elementor-element-0a463cb elementor-headline--style-highlight elementor-widget elementor-widget-animated-headline\" data-id=\"0a463cb\" data-element_type=\"widget\" data-settings=\"{&quot;highlighted_text&quot;:&quot;vers la Belgique&quot;,&quot;marker&quot;:&quot;double_underline&quot;,&quot;headline_style&quot;:&quot;highlight&quot;,&quot;loop&quot;:&quot;yes&quot;,&quot;highlight_animation_duration&quot;:1200,&quot;highlight_iteration_delay&quot;:8000}\" data-widget_type=\"animated-headline.default\">\n\t\t\t\t\t\t\t<h2 class=\"elementor-headline\">\n\t\t\t\t\t<span class=\"elementor-headline-plain-text elementor-headline-text-wrapper\">Ce que co\u00fbte vraiment un d\u00e9m\u00e9nagement<\/span>\n\t\t\t\t<span class=\"elementor-headline-dynamic-wrapper elementor-headline-text-wrapper\">\n\t\t\t\t\t<span class=\"elementor-headline-dynamic-text elementor-headline-text-active\">vers la Belgique<\/span>\n\t\t\t\t<\/span>\n\t\t\t\t<\/h2>\n\t\t\t\t\t\t<\/div>\n\t\t\t\t<div class=\"elementor-element elementor-element-5e683e4 elementor-widget elementor-widget-text-editor\" data-id=\"5e683e4\" data-element_type=\"widget\" data-widget_type=\"text-editor.default\">\n\t\t\t\t\t\t\t\t\t<p>Le budget est souvent la premi\u00e8re question. Et la r\u00e9ponse honn\u00eate c&rsquo;est : <strong>\u00e7a d\u00e9pend vraiment de vous !<\/strong><\/p><p>Pour un appartement standard (entre 20 et 35 m\u00b3), comptez entre <strong>900 \u20ac et 3 500 \u20ac<\/strong> selon votre point de d\u00e9part en France et les services choisis. Depuis Lyon, o\u00f9 les d\u00e9m\u00e9nageurs vers la Belgique sont nombreux, une prestation compl\u00e8te (chargement, transport, d\u00e9chargement, quelques protections de base) tourne g\u00e9n\u00e9ralement autour de <strong>1 200 \u20ac \u00e0 2 200 \u20ac<\/strong> pour un 3 pi\u00e8ces. Depuis Marseille ou Bordeaux, ajoutez 300 \u00e0 600 \u20ac suppl\u00e9mentaires selon le volume.<\/p><p>Ce que les devis oublient parfois d&rsquo;inclure : le monte-meuble si votre appartement est en \u00e9tage (entre 150 \u20ac et 300 \u20ac selon la dur\u00e9e), les droits de stationnement \u00e0 r\u00e9server aupr\u00e8s de la commune belge (entre 50 \u20ac et 150 \u20ac, voire gratuit selon les communes) et les assurances sp\u00e9cifiques pour les biens de valeur.<\/p><p>Le d\u00e9m\u00e9nagement group\u00e9, une sp\u00e9cialit\u00e9 de Bring4You, reste la solution la plus adapt\u00e9e si vous ne d\u00e9m\u00e9nagez pas une maison enti\u00e8re. Partager le camion avec un autre m\u00e9nage qui va dans la m\u00eame direction permet de diviser la facture de transport parfois par deux. C&rsquo;est moins rapide (les d\u00e9lais s&rsquo;allongent l\u00e9g\u00e8rement) mais pour une livraison non urgente, l&rsquo;\u00e9conomie est r\u00e9elle.<\/p>\t\t\t\t\t\t\t\t<\/div>\n\t\t\t\t<div class=\"elementor-element elementor-element-5d0fbd5 elementor-align-center elementor-widget elementor-widget-button\" data-id=\"5d0fbd5\" data-element_type=\"widget\" data-widget_type=\"button.default\">\n\t\t\t\t\t\t\t\t\t\t<a class=\"elementor-button elementor-button-link elementor-size-sm elementor-animation-grow\" href=\"https:\/\/bring4you.com\/blog\/2026\/03\/30\/quel-est-le-prix-dun-demenagement-en-belgique-tarifs-2026-detailles-et-conseils-pour-payer-moins\/\">\n\t\t\t\t\t\t<span class=\"elementor-button-content-wrapper\">\n\t\t\t\t\t\t\t\t\t<span class=\"elementor-button-text\">Quel est le prix moyen d'un d\u00e9m\u00e9nagement en Belgique ?<\/span>\n\t\t\t\t\t<\/span>\n\t\t\t\t\t<\/a>\n\t\t\t\t\t\t\t\t<\/div>\n\t\t\t\t<\/div>\n\t\t<div class=\"elementor-element elementor-element-8a6a7fa e-con-full e-flex e-con e-child\" data-id=\"8a6a7fa\" data-element_type=\"container\">\n\t\t\t\t<div class=\"elementor-element elementor-element-2811500 elementor-widget elementor-widget-text-editor\" data-id=\"2811500\" data-element_type=\"widget\" data-widget_type=\"text-editor.default\">\n\t\t\t\t\t\t\t\t\t<h4><strong>Estimez le co\u00fbt de votre d\u00e9m\u00e9nagement en  !<\/strong><\/h4>\t\t\t\t\t\t\t\t<\/div>\n\t\t\t\t<div class=\"elementor-element elementor-element-c2c2b35 elementor-align-center elementor-widget elementor-widget-button\" data-id=\"c2c2b35\" data-element_type=\"widget\" data-widget_type=\"button.default\">\n\t\t\t\t\t\t\t\t\t\t<a class=\"elementor-button elementor-button-link elementor-size-sm elementor-animation-grow\" href=\"https:\/\/bring4you.com\/devis\/demenagement?blog\">\n\t\t\t\t\t\t<span class=\"elementor-button-content-wrapper\">\n\t\t\t\t\t\t\t\t\t<span class=\"elementor-button-text\">Obtenez un devis<\/span>\n\t\t\t\t\t<\/span>\n\t\t\t\t\t<\/a>\n\t\t\t\t\t\t\t\t<\/div>\n\t\t\t\t<div class=\"elementor-element elementor-element-5fb93b8 elementor-widget elementor-widget-image\" data-id=\"5fb93b8\" data-element_type=\"widget\" data-widget_type=\"image.default\">\n\t\t\t\t\t\t\t\t\t\t\t\t\t\t\t<img fetchpriority=\"high\" decoding=\"async\" width=\"800\" height=\"484\" src=\"https:\/\/bring4you.com\/blog\/wp-content\/uploads\/2024\/11\/illus-1030x623.png\" class=\"attachment-large size-large wp-image-1732\" alt=\"\" srcset=\"https:\/\/bring4you.com\/blog\/wp-content\/uploads\/2024\/11\/illus-1030x623.png 1030w, https:\/\/bring4you.com\/blog\/wp-content\/uploads\/2024\/11\/illus-300x181.png 300w, https:\/\/bring4you.com\/blog\/wp-content\/uploads\/2024\/11\/illus-768x464.png 768w, https:\/\/bring4you.com\/blog\/wp-content\/uploads\/2024\/11\/illus-705x426.png 705w, https:\/\/bring4you.com\/blog\/wp-content\/uploads\/2024\/11\/illus-e1744195421341.png 512w\" sizes=\"(max-width: 800px) 100vw, 800px\" \/>\t\t\t\t\t\t\t\t\t\t\t\t\t\t\t<\/div>\n\t\t\t\t<div class=\"elementor-element elementor-element-89810ea elementor-align-center elementor-widget elementor-widget-button\" data-id=\"89810ea\" data-element_type=\"widget\" data-widget_type=\"button.default\">\n\t\t\t\t\t\t\t\t\t\t<a class=\"elementor-button elementor-button-link elementor-size-sm elementor-animation-grow\" href=\"https:\/\/bring4you.com\/blog\/calcul-volume-demenagement\/\">\n\t\t\t\t\t\t<span class=\"elementor-button-content-wrapper\">\n\t\t\t\t\t\t\t\t\t<span class=\"elementor-button-text\">Calculez le volume de vos biens<\/span>\n\t\t\t\t\t<\/span>\n\t\t\t\t\t<\/a>\n\t\t\t\t\t\t\t\t<\/div>\n\t\t\t\t<\/div>\n\t\t\t\t\t<\/div>\n\t\t\t\t<\/div>\n\t\t<div class=\"elementor-element elementor-element-edfefa3 e-flex e-con-boxed e-con e-parent\" data-id=\"edfefa3\" data-element_type=\"container\">\n\t\t\t\t\t<div class=\"e-con-inner\">\n\t\t\t\t<div class=\"elementor-element elementor-element-0de9998 elementor-headline--style-highlight elementor-widget elementor-widget-animated-headline\" data-id=\"0de9998\" data-element_type=\"widget\" data-settings=\"{&quot;highlighted_text&quot;:&quot;&quot;,&quot;headline_style&quot;:&quot;highlight&quot;,&quot;marker&quot;:&quot;circle&quot;,&quot;loop&quot;:&quot;yes&quot;,&quot;highlight_animation_duration&quot;:1200,&quot;highlight_iteration_delay&quot;:8000}\" data-widget_type=\"animated-headline.default\">\n\t\t\t\t\t\t\t<h2 class=\"elementor-headline\">\n\t\t\t\t\t<span class=\"elementor-headline-plain-text elementor-headline-text-wrapper\">Ils ont d\u00e9m\u00e9nag\u00e9 en <\/span>\n\t\t\t\t<span class=\"elementor-headline-dynamic-wrapper elementor-headline-text-wrapper\">\n\t\t\t\t\t<span class=\"elementor-headline-dynamic-text elementor-headline-text-active\"><\/span>\n\t\t\t\t<\/span>\n\t\t\t\t\t<span class=\"elementor-headline-plain-text elementor-headline-text-wrapper\">avec nous !<\/span>\n\t\t\t\t\t<\/h2>\n\t\t\t\t\t\t<\/div>\n\t\t\t\t\t<\/div>\n\t\t\t\t<\/div>\n\t\t<div class=\"elementor-element elementor-element-26bcf50 e-flex e-con-boxed e-con e-parent\" data-id=\"26bcf50\" data-element_type=\"container\">\n\t\t\t\t\t<div class=\"e-con-inner\">\n\t\t<div class=\"elementor-element elementor-element-3120dbc e-con-full e-flex e-con e-child\" data-id=\"3120dbc\" data-element_type=\"container\">\n\t\t\t\t<div class=\"elementor-element elementor-element-c08486d elementor-arrows-yes elementor-pagination-type-bullets elementor-review--has-separator elementor--star-style-star_fontawesome elementor-widget elementor-widget-reviews\" data-id=\"c08486d\" data-element_type=\"widget\" data-settings=\"{&quot;show_arrows&quot;:&quot;yes&quot;,&quot;pagination&quot;:&quot;bullets&quot;,&quot;speed&quot;:500,&quot;autoplay&quot;:&quot;yes&quot;,&quot;autoplay_speed&quot;:5000,&quot;loop&quot;:&quot;yes&quot;,&quot;pause_on_hover&quot;:&quot;yes&quot;,&quot;pause_on_interaction&quot;:&quot;yes&quot;,&quot;space_between&quot;:{&quot;unit&quot;:&quot;px&quot;,&quot;size&quot;:10,&quot;sizes&quot;:[]},&quot;space_between_tablet&quot;:{&quot;unit&quot;:&quot;px&quot;,&quot;size&quot;:10,&quot;sizes&quot;:[]},&quot;space_between_mobile&quot;:{&quot;unit&quot;:&quot;px&quot;,&quot;size&quot;:10,&quot;sizes&quot;:[]}}\" data-widget_type=\"reviews.default\">\n\t\t\t\t\t\t\t\t\t\t<div class=\"elementor-main-swiper swiper\" role=\"region\" aria-roledescription=\"carousel\" aria-label=\"Diapositives\">\n\t\t\t\t<div class=\"swiper-wrapper\">\n\t\t\t\t\t\t\t\t\t\t\t<div class=\"swiper-slide\" role=\"group\" aria-roledescription=\"slide\">\n\t\t\t\t\t\t\t\t\t<div class=\"elementor-testimonial elementor-repeater-item-e3f9b09\">\n\t\t\t\t\t\t\t<div class=\"elementor-testimonial__header\">\n\t\t\t\t\t\t\t\t\t\t\t<div class=\"elementor-testimonial__image\">\n\t\t\t\t\t\t\t<img decoding=\"async\" src=\"https:\/\/user-images.trustpilot.com\/67c6d64e21c5ab1dc35be0f9\/73x73.png\" alt=\"Marjorie P.\">\n\t\t\t\t\t\t\t\t\t\t\t\t\t<\/div>\n\t\t\t\t\t\t\t\t\t\t<cite class=\"elementor-testimonial__cite\"><span class=\"elementor-testimonial__name\">Marjorie P.<\/span><div class=\"elementor-star-rating\"><i class=\"elementor-star-full\">&#xE934;<\/i><i class=\"elementor-star-full\">&#xE934;<\/i><i class=\"elementor-star-full\">&#xE934;<\/i><i class=\"elementor-star-full\">&#xE934;<\/i><i class=\"elementor-star-6\">&#xE934;<\/i><\/div><span class=\"elementor-testimonial__title\">Italie<\/span><\/cite>\t\t\t\t\t<div class=\"elementor-testimonial__icon elementor-icon elementor-icon-\" aria-label=\"Lire plus\"><\/div>\t\t\t\t<\/div>\n\t\t\t\t\t\t\t\t\t\t<div class=\"elementor-testimonial__content\">\n\t\t\t\t\t<div class=\"elementor-testimonial__text\">\n\t\t\t\t\t\tD\u00e9m\u00e9nagement de France \u00e0 Italie 1800 km et 54m3 de meubles.\n\nTrois chauffeur motiv\u00e9s et organis\u00e9s, au pr\u00e9alable j\u2019avais bien emball\u00e9 tout pour \u00e9viter totalement la casse. Tout a \u00e9t\u00e9 charg\u00e9 le 26 et est arriv\u00e9 le 28 au matin. Nous avons utilis\u00e9 le traducteur pour se faire comprendre. Je suis vraiment satisfaite, j ai 4 enfants et 8 animaux, le d\u00e9m\u00e9nagement me stressait et l\u2019\u00e9quipe a assur\u00e9. Nous sommes arriv\u00e9s \u00e0 tout d\u00e9charger. Ils \u00e9taient 3 plus le papa des enfants. Je recommande!\t\t\t\t\t<\/div>\n\t\t\t\t<\/div>\n\t\t\t\t\t<\/div>\n\t\t\t\t\t\t\t\t<\/div>\n\t\t\t\t\t\t\t\t\t<\/div>\n\t\t\t\t\t\t\t<\/div>\n\t\t\t\t\t\t\t\t<\/div>\n\t\t\t\t<\/div>\n\t\t<div class=\"elementor-element elementor-element-159244f e-con-full e-flex e-con e-child\" data-id=\"159244f\" data-element_type=\"container\">\n\t\t\t\t<div class=\"elementor-element elementor-element-21a2c41 elementor-arrows-yes elementor-pagination-type-bullets elementor-review--has-separator elementor--star-style-star_fontawesome elementor-widget elementor-widget-reviews\" data-id=\"21a2c41\" data-element_type=\"widget\" data-settings=\"{&quot;show_arrows&quot;:&quot;yes&quot;,&quot;pagination&quot;:&quot;bullets&quot;,&quot;speed&quot;:500,&quot;autoplay&quot;:&quot;yes&quot;,&quot;autoplay_speed&quot;:5000,&quot;loop&quot;:&quot;yes&quot;,&quot;pause_on_hover&quot;:&quot;yes&quot;,&quot;pause_on_interaction&quot;:&quot;yes&quot;,&quot;space_between&quot;:{&quot;unit&quot;:&quot;px&quot;,&quot;size&quot;:10,&quot;sizes&quot;:[]},&quot;space_between_tablet&quot;:{&quot;unit&quot;:&quot;px&quot;,&quot;size&quot;:10,&quot;sizes&quot;:[]},&quot;space_between_mobile&quot;:{&quot;unit&quot;:&quot;px&quot;,&quot;size&quot;:10,&quot;sizes&quot;:[]}}\" data-widget_type=\"reviews.default\">\n\t\t\t\t\t\t\t\t\t\t<div class=\"elementor-main-swiper swiper\" role=\"region\" aria-roledescription=\"carousel\" aria-label=\"Diapositives\">\n\t\t\t\t<div class=\"swiper-wrapper\">\n\t\t\t\t\t\t\t\t\t\t\t<div class=\"swiper-slide\" role=\"group\" aria-roledescription=\"slide\">\n\t\t\t\t\t\t\t\t\t<div class=\"elementor-testimonial elementor-repeater-item-e3f9b09\">\n\t\t\t\t\t\t\t<div class=\"elementor-testimonial__header\">\n\t\t\t\t\t\t\t\t\t\t\t<div class=\"elementor-testimonial__image\">\n\t\t\t\t\t\t\t<img decoding=\"async\" src=\"https:\/\/user-images.trustpilot.com\/693057b43d98f0f3cee75cd8\/73x73.png\" alt=\"Michel P.\">\n\t\t\t\t\t\t\t\t\t\t\t\t\t<\/div>\n\t\t\t\t\t\t\t\t\t\t<cite class=\"elementor-testimonial__cite\"><span class=\"elementor-testimonial__name\">Michel P.<\/span><div class=\"elementor-star-rating\"><i class=\"elementor-star-full\">&#xE934;<\/i><i class=\"elementor-star-full\">&#xE934;<\/i><i class=\"elementor-star-full\">&#xE934;<\/i><i class=\"elementor-star-full\">&#xE934;<\/i><i class=\"elementor-star-8\">&#xE934;<\/i><\/div><span class=\"elementor-testimonial__title\">Belgique<\/span><\/cite>\t\t\t\t\t<div class=\"elementor-testimonial__icon elementor-icon elementor-icon-\" aria-label=\"Lire plus\"><\/div>\t\t\t\t<\/div>\n\t\t\t\t\t\t\t\t\t\t<div class=\"elementor-testimonial__content\">\n\t\t\t\t\t<div class=\"elementor-testimonial__text\">\n\t\t\t\t\t\tAyant accept\u00e9 de reprendre notre d\u00e9m\u00e9nagement en d\u00e9p\u00f4t en Belgique ils ont su g\u00e9rer tout les probl\u00e8mes avec beaucoup d'attention, un suivi t\u00e9l\u00e9phonique quotidien, un emballage soigneux de nos affaires fragiles,des \u00e9quipes pour nous aider \u00e0 mettre toutes nos affaires chez nous...dynamiques...Un grand Bravo !!!\t\t\t\t\t<\/div>\n\t\t\t\t<\/div>\n\t\t\t\t\t<\/div>\n\t\t\t\t\t\t\t\t<\/div>\n\t\t\t\t\t\t\t\t\t<\/div>\n\t\t\t\t\t\t\t<\/div>\n\t\t\t\t\t\t\t\t<\/div>\n\t\t\t\t<\/div>\n\t\t<div class=\"elementor-element elementor-element-9ea70ee e-con-full e-flex e-con e-child\" data-id=\"9ea70ee\" data-element_type=\"container\">\n\t\t\t\t<div class=\"elementor-element elementor-element-29bf8d1 elementor-arrows-yes elementor-pagination-type-bullets elementor-review--has-separator elementor--star-style-star_fontawesome elementor-widget elementor-widget-reviews\" data-id=\"29bf8d1\" data-element_type=\"widget\" data-settings=\"{&quot;show_arrows&quot;:&quot;yes&quot;,&quot;pagination&quot;:&quot;bullets&quot;,&quot;speed&quot;:500,&quot;autoplay&quot;:&quot;yes&quot;,&quot;autoplay_speed&quot;:5000,&quot;loop&quot;:&quot;yes&quot;,&quot;pause_on_hover&quot;:&quot;yes&quot;,&quot;pause_on_interaction&quot;:&quot;yes&quot;,&quot;space_between&quot;:{&quot;unit&quot;:&quot;px&quot;,&quot;size&quot;:10,&quot;sizes&quot;:[]},&quot;space_between_tablet&quot;:{&quot;unit&quot;:&quot;px&quot;,&quot;size&quot;:10,&quot;sizes&quot;:[]},&quot;space_between_mobile&quot;:{&quot;unit&quot;:&quot;px&quot;,&quot;size&quot;:10,&quot;sizes&quot;:[]}}\" data-widget_type=\"reviews.default\">\n\t\t\t\t\t\t\t\t\t\t<div class=\"elementor-main-swiper swiper\" role=\"region\" aria-roledescription=\"carousel\" aria-label=\"Diapositives\">\n\t\t\t\t<div class=\"swiper-wrapper\">\n\t\t\t\t\t\t\t\t\t\t\t<div class=\"swiper-slide\" role=\"group\" aria-roledescription=\"slide\">\n\t\t\t\t\t\t\t\t\t<div class=\"elementor-testimonial elementor-repeater-item-e3f9b09\">\n\t\t\t\t\t\t\t<div class=\"elementor-testimonial__header\">\n\t\t\t\t\t\t\t\t\t\t\t<div class=\"elementor-testimonial__image\">\n\t\t\t\t\t\t\t<img decoding=\"async\" src=\"https:\/\/bring4you.com\/blog\/wp-content\/plugins\/elementor\/assets\/images\/placeholder.png\" alt=\"Aldo V.\">\n\t\t\t\t\t\t\t\t\t\t\t\t\t<\/div>\n\t\t\t\t\t\t\t\t\t\t<cite class=\"elementor-testimonial__cite\"><span class=\"elementor-testimonial__name\">Aldo V.<\/span><div class=\"elementor-star-rating\"><i class=\"elementor-star-full\">&#xE934;<\/i><i class=\"elementor-star-full\">&#xE934;<\/i><i class=\"elementor-star-full\">&#xE934;<\/i><i class=\"elementor-star-full\">&#xE934;<\/i><i class=\"elementor-star-full\">&#xE934;<\/i><\/div><span class=\"elementor-testimonial__title\">Jambes (Belgique)<\/span><\/cite>\t\t\t\t\t<div class=\"elementor-testimonial__icon elementor-icon elementor-icon-\" aria-label=\"Lire plus\"><\/div>\t\t\t\t<\/div>\n\t\t\t\t\t\t\t\t\t\t<div class=\"elementor-testimonial__content\">\n\t\t\t\t\t<div class=\"elementor-testimonial__text\">\n\t\t\t\t\t\tNotre d\u00e9m\u00e9nagement de Jambes (Belgique) \u00e0 Argenton-sur-Creuse (France) s'est d\u00e9roul\u00e9 sans accroc. Un groupe WhatsApp a \u00e9t\u00e9 cr\u00e9\u00e9 d\u00e8s le d\u00e9part, permettant une communication directe avec toutes les personnes impliqu\u00e9es. Le d\u00e9m\u00e9nageur est arriv\u00e9 \u00e0 l'heure et le d\u00e9m\u00e9nagement s'est fait dans les r\u00e8gles de l'art. C'est pourquoi nous lui attribuons la note maximale de 5 \u00e9toiles.\t\t\t\t\t<\/div>\n\t\t\t\t<\/div>\n\t\t\t\t\t<\/div>\n\t\t\t\t\t\t\t\t<\/div>\n\t\t\t\t\t\t\t\t\t<\/div>\n\t\t\t\t\t\t\t<\/div>\n\t\t\t\t\t\t\t\t<\/div>\n\t\t\t\t<\/div>\n\t\t\t\t\t<\/div>\n\t\t\t\t<\/div>\n\t\t<div class=\"elementor-element elementor-element-2870fa6 e-flex e-con-boxed e-con e-parent\" data-id=\"2870fa6\" data-element_type=\"container\" data-settings=\"{&quot;background_background&quot;:&quot;classic&quot;}\">\n\t\t\t\t\t<div class=\"e-con-inner\">\n\t\t<div class=\"elementor-element elementor-element-31f6515 e-con-full e-flex e-con e-child\" data-id=\"31f6515\" data-element_type=\"container\">\n\t\t\t\t<div class=\"elementor-element elementor-element-54a1b27 elementor-headline--style-highlight elementor-widget elementor-widget-animated-headline\" data-id=\"54a1b27\" data-element_type=\"widget\" data-settings=\"{&quot;highlighted_text&quot;:&quot;les vraies questions pratiques&quot;,&quot;marker&quot;:&quot;double_underline&quot;,&quot;headline_style&quot;:&quot;highlight&quot;,&quot;loop&quot;:&quot;yes&quot;,&quot;highlight_animation_duration&quot;:1200,&quot;highlight_iteration_delay&quot;:8000}\" data-widget_type=\"animated-headline.default\">\n\t\t\t\t\t\t\t<h2 class=\"elementor-headline\">\n\t\t\t\t\t<span class=\"elementor-headline-plain-text elementor-headline-text-wrapper\">S'installer en Belgique : <\/span>\n\t\t\t\t<span class=\"elementor-headline-dynamic-wrapper elementor-headline-text-wrapper\">\n\t\t\t\t\t<span class=\"elementor-headline-dynamic-text elementor-headline-text-active\">les vraies questions pratiques<\/span>\n\t\t\t\t<\/span>\n\t\t\t\t\t<span class=\"elementor-headline-plain-text elementor-headline-text-wrapper\">!<\/span>\n\t\t\t\t\t<\/h2>\n\t\t\t\t\t\t<\/div>\n\t\t\t\t<div class=\"elementor-element elementor-element-41165a1 elementor-widget elementor-widget-n-accordion\" data-id=\"41165a1\" data-element_type=\"widget\" data-settings=\"{&quot;default_state&quot;:&quot;expanded&quot;,&quot;max_items_expended&quot;:&quot;one&quot;,&quot;n_accordion_animation_duration&quot;:{&quot;unit&quot;:&quot;ms&quot;,&quot;size&quot;:400,&quot;sizes&quot;:[]}}\" data-widget_type=\"nested-accordion.default\">\n\t\t\t\t\t\t\t<div class=\"e-n-accordion\" aria-label=\"Accordion. Open links with Enter or Space, close with Escape, and navigate with Arrow Keys\">\n\t\t\t\t\t\t<details id=\"e-n-accordion-item-6820\" class=\"e-n-accordion-item\" open>\n\t\t\t\t<summary class=\"e-n-accordion-item-title\" data-accordion-index=\"1\" tabindex=\"0\" aria-expanded=\"true\" aria-controls=\"e-n-accordion-item-6820\" >\n\t\t\t\t\t<span class='e-n-accordion-item-title-header'><div class=\"e-n-accordion-item-title-text\"> Le logement d'abord <\/div><\/span>\n\t\t\t\t\t\t\t<span class='e-n-accordion-item-title-icon'>\n\t\t\t<span class='e-opened' ><svg aria-hidden=\"true\" class=\"e-font-icon-svg e-fas-minus\" viewBox=\"0 0 448 512\" xmlns=\"http:\/\/www.w3.org\/2000\/svg\"><path d=\"M416 208H32c-17.67 0-32 14.33-32 32v32c0 17.67 14.33 32 32 32h384c17.67 0 32-14.33 32-32v-32c0-17.67-14.33-32-32-32z\"><\/path><\/svg><\/span>\n\t\t\t<span class='e-closed'><svg aria-hidden=\"true\" class=\"e-font-icon-svg e-fas-plus\" viewBox=\"0 0 448 512\" xmlns=\"http:\/\/www.w3.org\/2000\/svg\"><path d=\"M416 208H272V64c0-17.67-14.33-32-32-32h-32c-17.67 0-32 14.33-32 32v144H32c-17.67 0-32 14.33-32 32v32c0 17.67 14.33 32 32 32h144v144c0 17.67 14.33 32 32 32h32c17.67 0 32-14.33 32-32V304h144c17.67 0 32-14.33 32-32v-32c0-17.67-14.33-32-32-32z\"><\/path><\/svg><\/span>\n\t\t<\/span>\n\n\t\t\t\t\t\t<\/summary>\n\t\t\t\t<div role=\"region\" aria-labelledby=\"e-n-accordion-item-6820\" class=\"elementor-element elementor-element-ca8dc15 e-con-full e-flex e-con e-child\" data-id=\"ca8dc15\" data-element_type=\"container\">\n\t\t\t\t<div class=\"elementor-element elementor-element-c6f5946 elementor-widget elementor-widget-text-editor\" data-id=\"c6f5946\" data-element_type=\"widget\" data-widget_type=\"text-editor.default\">\n\t\t\t\t\t\t\t\t\t<p>Trouver un appartement en Belgique avant d&rsquo;avoir un compte bancaire belge, c&rsquo;est le serpent qui se mord la queue. La plupart des propri\u00e9taires demandent des garanties (g\u00e9n\u00e9ralement deux \u00e0 trois mois de loyer en caution) et des r\u00e9f\u00e9rences. Depuis la France, ce n&rsquo;est pas toujours simple.<\/p><p>Les plateformes les plus utilis\u00e9es sont Immoweb (le principal, tr\u00e8s complet), Zimmo et Logic-Immo. Pour Bruxelles, le march\u00e9 est tendu : un T2 correct dans les communes proches du centre tourne entre 850 \u20ac et 1 200 \u20ac par mois selon le quartier. \u00c0 Li\u00e8ge ou Charleroi, les prix sont significativement plus bas. Un T3 peut s&rsquo;y trouver entre 650 \u20ac et 900 \u20ac.<\/p><p>Co\u00fbt de vie rapide : les courses alimentaires sont l\u00e9g\u00e8rement moins ch\u00e8res qu&rsquo;en France, la restauration comparable, mais les transports en commun bruxellois (STIB) co\u00fbtent environ 580 \u20ac par an avec un abonnement annuel. Et le caf\u00e9 au comptoir ? Un euro quarante \u00e0 Li\u00e8ge. Voil\u00e0.<\/p>\t\t\t\t\t\t\t\t<\/div>\n\t\t\t\t<\/div>\n\t\t\t\t\t<\/details>\n\t\t\t\t\t\t<details id=\"e-n-accordion-item-6821\" class=\"e-n-accordion-item\" >\n\t\t\t\t<summary class=\"e-n-accordion-item-title\" data-accordion-index=\"2\" tabindex=\"-1\" aria-expanded=\"false\" aria-controls=\"e-n-accordion-item-6821\" >\n\t\t\t\t\t<span class='e-n-accordion-item-title-header'><div class=\"e-n-accordion-item-title-text\"> Le compte bancaire belge <\/div><\/span>\n\t\t\t\t\t\t\t<span class='e-n-accordion-item-title-icon'>\n\t\t\t<span class='e-opened' ><svg aria-hidden=\"true\" class=\"e-font-icon-svg e-fas-minus\" viewBox=\"0 0 448 512\" xmlns=\"http:\/\/www.w3.org\/2000\/svg\"><path d=\"M416 208H32c-17.67 0-32 14.33-32 32v32c0 17.67 14.33 32 32 32h384c17.67 0 32-14.33 32-32v-32c0-17.67-14.33-32-32-32z\"><\/path><\/svg><\/span>\n\t\t\t<span class='e-closed'><svg aria-hidden=\"true\" class=\"e-font-icon-svg e-fas-plus\" viewBox=\"0 0 448 512\" xmlns=\"http:\/\/www.w3.org\/2000\/svg\"><path d=\"M416 208H272V64c0-17.67-14.33-32-32-32h-32c-17.67 0-32 14.33-32 32v144H32c-17.67 0-32 14.33-32 32v32c0 17.67 14.33 32 32 32h144v144c0 17.67 14.33 32 32 32h32c17.67 0 32-14.33 32-32V304h144c17.67 0 32-14.33 32-32v-32c0-17.67-14.33-32-32-32z\"><\/path><\/svg><\/span>\n\t\t<\/span>\n\n\t\t\t\t\t\t<\/summary>\n\t\t\t\t<div role=\"region\" aria-labelledby=\"e-n-accordion-item-6821\" class=\"elementor-element elementor-element-ea20381 e-con-full e-flex e-con e-child\" data-id=\"ea20381\" data-element_type=\"container\">\n\t\t\t\t<div class=\"elementor-element elementor-element-ff04a4a elementor-widget elementor-widget-text-editor\" data-id=\"ff04a4a\" data-element_type=\"widget\" data-widget_type=\"text-editor.default\">\n\t\t\t\t\t\t\t\t\t<p>Ouvrir un compte avant l&rsquo;inscription \u00e0 la commune est techniquement possible, mais certaines banques exigent justement une preuve de domicile belge. La solution la plus pratique : Belfius et ING Belgique proposent des proc\u00e9dures d&rsquo;ouverture simplifi\u00e9es pour les ressortissants UE. Certains optent \u00e9galement pour des n\u00e9obanques comme Fintro (filiale de BNP Paribas Fortis) qui demandent moins de justificatifs au d\u00e9part.<\/p>\t\t\t\t\t\t\t\t<\/div>\n\t\t\t\t<\/div>\n\t\t\t\t\t<\/details>\n\t\t\t\t\t\t<details id=\"e-n-accordion-item-6822\" class=\"e-n-accordion-item\" >\n\t\t\t\t<summary class=\"e-n-accordion-item-title\" data-accordion-index=\"3\" tabindex=\"-1\" aria-expanded=\"false\" aria-controls=\"e-n-accordion-item-6822\" >\n\t\t\t\t\t<span class='e-n-accordion-item-title-header'><div class=\"e-n-accordion-item-title-text\"> La sant\u00e9 : mutuelle obligatoire <\/div><\/span>\n\t\t\t\t\t\t\t<span class='e-n-accordion-item-title-icon'>\n\t\t\t<span class='e-opened' ><svg aria-hidden=\"true\" class=\"e-font-icon-svg e-fas-minus\" viewBox=\"0 0 448 512\" xmlns=\"http:\/\/www.w3.org\/2000\/svg\"><path d=\"M416 208H32c-17.67 0-32 14.33-32 32v32c0 17.67 14.33 32 32 32h384c17.67 0 32-14.33 32-32v-32c0-17.67-14.33-32-32-32z\"><\/path><\/svg><\/span>\n\t\t\t<span class='e-closed'><svg aria-hidden=\"true\" class=\"e-font-icon-svg e-fas-plus\" viewBox=\"0 0 448 512\" xmlns=\"http:\/\/www.w3.org\/2000\/svg\"><path d=\"M416 208H272V64c0-17.67-14.33-32-32-32h-32c-17.67 0-32 14.33-32 32v144H32c-17.67 0-32 14.33-32 32v32c0 17.67 14.33 32 32 32h144v144c0 17.67 14.33 32 32 32h32c17.67 0 32-14.33 32-32V304h144c17.67 0 32-14.33 32-32v-32c0-17.67-14.33-32-32-32z\"><\/path><\/svg><\/span>\n\t\t<\/span>\n\n\t\t\t\t\t\t<\/summary>\n\t\t\t\t<div role=\"region\" aria-labelledby=\"e-n-accordion-item-6822\" class=\"elementor-element elementor-element-8737f7f e-con-full e-flex e-con e-child\" data-id=\"8737f7f\" data-element_type=\"container\">\n\t\t\t\t<div class=\"elementor-element elementor-element-1abb944 elementor-widget elementor-widget-text-editor\" data-id=\"1abb944\" data-element_type=\"widget\" data-widget_type=\"text-editor.default\">\n\t\t\t\t\t\t\t\t\t<p>Contrairement \u00e0 la France o\u00f9 la S\u00e9curit\u00e9 sociale est centralis\u00e9e, en Belgique il faut s&rsquo;affilier \u00e0 une <strong>mutualit\u00e9<\/strong> (l&rsquo;\u00e9quivalent de la CPAM, mais ce sont des organismes priv\u00e9s agr\u00e9\u00e9s). Les principales : Mutualit\u00e9 chr\u00e9tienne (CM), Mutualit\u00e9 socialiste (Solidaris), Mutualit\u00e9 lib\u00e9rale. Toutes couvrent les soins de base \u00e0 des tarifs similaires ; la diff\u00e9rence se joue sur les services compl\u00e9mentaires et les remboursements optiques ou dentaires.<\/p><p>L&rsquo;affiliation doit se faire dans les <strong>90 jours<\/strong> suivant votre inscription communale. Pass\u00e9 ce d\u00e9lai, vous risquez une p\u00e9nalit\u00e9 sous forme de cotisation major\u00e9e. Pas de panique si vous \u00eates salari\u00e9 : votre employeur belge vous guidera souvent dans cette d\u00e9marche d\u00e8s l&#8217;embauche.<\/p>\t\t\t\t\t\t\t\t<\/div>\n\t\t\t\t<\/div>\n\t\t\t\t\t<\/details>\n\t\t\t\t\t\t<details id=\"e-n-accordion-item-6823\" class=\"e-n-accordion-item\" >\n\t\t\t\t<summary class=\"e-n-accordion-item-title\" data-accordion-index=\"4\" tabindex=\"-1\" aria-expanded=\"false\" aria-controls=\"e-n-accordion-item-6823\" >\n\t\t\t\t\t<span class='e-n-accordion-item-title-header'><div class=\"e-n-accordion-item-title-text\"> Circuler et stationner en Belgique\u00a0 <\/div><\/span>\n\t\t\t\t\t\t\t<span class='e-n-accordion-item-title-icon'>\n\t\t\t<span class='e-opened' ><svg aria-hidden=\"true\" class=\"e-font-icon-svg e-fas-minus\" viewBox=\"0 0 448 512\" xmlns=\"http:\/\/www.w3.org\/2000\/svg\"><path d=\"M416 208H32c-17.67 0-32 14.33-32 32v32c0 17.67 14.33 32 32 32h384c17.67 0 32-14.33 32-32v-32c0-17.67-14.33-32-32-32z\"><\/path><\/svg><\/span>\n\t\t\t<span class='e-closed'><svg aria-hidden=\"true\" class=\"e-font-icon-svg e-fas-plus\" viewBox=\"0 0 448 512\" xmlns=\"http:\/\/www.w3.org\/2000\/svg\"><path d=\"M416 208H272V64c0-17.67-14.33-32-32-32h-32c-17.67 0-32 14.33-32 32v144H32c-17.67 0-32 14.33-32 32v32c0 17.67 14.33 32 32 32h144v144c0 17.67 14.33 32 32 32h32c17.67 0 32-14.33 32-32V304h144c17.67 0 32-14.33 32-32v-32c0-17.67-14.33-32-32-32z\"><\/path><\/svg><\/span>\n\t\t<\/span>\n\n\t\t\t\t\t\t<\/summary>\n\t\t\t\t<div role=\"region\" aria-labelledby=\"e-n-accordion-item-6823\" class=\"elementor-element elementor-element-c857ee7 e-con-full e-flex e-con e-child\" data-id=\"c857ee7\" data-element_type=\"container\">\n\t\t\t\t<div class=\"elementor-element elementor-element-9e386a1 elementor-widget elementor-widget-text-editor\" data-id=\"9e386a1\" data-element_type=\"widget\" data-widget_type=\"text-editor.default\">\n\t\t\t\t\t\t\t\t\t<p><span style=\"font-weight: 400;\">Pour circuler en Belgique, assurez-vous que votre permis de conduire est valide. Les r\u00e8gles de circulation sont similaires \u00e0 celles des autres pays europ\u00e9ens. Le stationnement peut \u00eatre payant dans les centres-villes et est souvent r\u00e9glement\u00e9 par des zones bleues n\u00e9cessitant un disque de stationnement. Informez-vous sur les r\u00e9glementations locales pour \u00e9viter les amendes.<\/span><\/p>\t\t\t\t\t\t\t\t<\/div>\n\t\t\t\t<\/div>\n\t\t\t\t\t<\/details>\n\t\t\t\t\t\t<details id=\"e-n-accordion-item-6824\" class=\"e-n-accordion-item\" >\n\t\t\t\t<summary class=\"e-n-accordion-item-title\" data-accordion-index=\"5\" tabindex=\"-1\" aria-expanded=\"false\" aria-controls=\"e-n-accordion-item-6824\" >\n\t\t\t\t\t<span class='e-n-accordion-item-title-header'><div class=\"e-n-accordion-item-title-text\"> Scolarisation des enfants en Belgique\u00a0 <\/div><\/span>\n\t\t\t\t\t\t\t<span class='e-n-accordion-item-title-icon'>\n\t\t\t<span class='e-opened' ><svg aria-hidden=\"true\" class=\"e-font-icon-svg e-fas-minus\" viewBox=\"0 0 448 512\" xmlns=\"http:\/\/www.w3.org\/2000\/svg\"><path d=\"M416 208H32c-17.67 0-32 14.33-32 32v32c0 17.67 14.33 32 32 32h384c17.67 0 32-14.33 32-32v-32c0-17.67-14.33-32-32-32z\"><\/path><\/svg><\/span>\n\t\t\t<span class='e-closed'><svg aria-hidden=\"true\" class=\"e-font-icon-svg e-fas-plus\" viewBox=\"0 0 448 512\" xmlns=\"http:\/\/www.w3.org\/2000\/svg\"><path d=\"M416 208H272V64c0-17.67-14.33-32-32-32h-32c-17.67 0-32 14.33-32 32v144H32c-17.67 0-32 14.33-32 32v32c0 17.67 14.33 32 32 32h144v144c0 17.67 14.33 32 32 32h32c17.67 0 32-14.33 32-32V304h144c17.67 0 32-14.33 32-32v-32c0-17.67-14.33-32-32-32z\"><\/path><\/svg><\/span>\n\t\t<\/span>\n\n\t\t\t\t\t\t<\/summary>\n\t\t\t\t<div role=\"region\" aria-labelledby=\"e-n-accordion-item-6824\" class=\"elementor-element elementor-element-2851a6e e-con-full e-flex e-con e-child\" data-id=\"2851a6e\" data-element_type=\"container\">\n\t\t\t\t<div class=\"elementor-element elementor-element-80485db elementor-widget elementor-widget-text-editor\" data-id=\"80485db\" data-element_type=\"widget\" data-widget_type=\"text-editor.default\">\n\t\t\t\t\t\t\t\t\t<p><span style=\"font-weight: 400;\">La scolarisation des enfants en Belgique est obligatoire de 6 \u00e0 18 ans. Le syst\u00e8me \u00e9ducatif se divise en trois communaut\u00e9s linguistiques : fran\u00e7aise, n\u00e9erlandaise et germanophone. Les parents doivent inscrire leurs enfants dans une \u00e9cole correspondant \u00e0 leur langue maternelle. Les \u00e9coles publiques et priv\u00e9es offrent diverses options p\u00e9dagogiques. Il est recommand\u00e9 de s&rsquo;informer sur les inscriptions et les programmes scolaires disponibles.<\/span><\/p>\t\t\t\t\t\t\t\t<\/div>\n\t\t\t\t<\/div>\n\t\t\t\t\t<\/details>\n\t\t\t\t\t<\/div>\n\t\t\t\t\t\t<\/div>\n\t\t\t\t<div class=\"elementor-element elementor-element-9d6c8e2 elementor-align-center elementor-widget elementor-widget-button\" data-id=\"9d6c8e2\" data-element_type=\"widget\" data-widget_type=\"button.default\">\n\t\t\t\t\t\t\t\t\t\t<a class=\"elementor-button elementor-button-link elementor-size-sm elementor-animation-grow\" href=\"https:\/\/bring4you.com\/blog\/2024\/09\/17\/top-10-meilleures-villes-ou-sinstaller-en-belgique-en-2024\/\">\n\t\t\t\t\t\t<span class=\"elementor-button-content-wrapper\">\n\t\t\t\t\t\t\t\t\t<span class=\"elementor-button-text\">Les meilleures villes belges pour s'installer en 2026<\/span>\n\t\t\t\t\t<\/span>\n\t\t\t\t\t<\/a>\n\t\t\t\t\t\t\t\t<\/div>\n\t\t\t\t<\/div>\n\t\t<div class=\"elementor-element elementor-element-6ddd27e e-con-full e-flex e-con e-child\" data-id=\"6ddd27e\" data-element_type=\"container\" data-settings=\"{&quot;background_background&quot;:&quot;slideshow&quot;,&quot;background_slideshow_gallery&quot;:[{&quot;id&quot;:2780,&quot;url&quot;:&quot;https:\\\/\\\/bring4you.com\\\/blog\\\/wp-content\\\/uploads\\\/2024\\\/07\\\/prevoir-son-demenagement-scaled.jpg&quot;}],&quot;background_slideshow_loop&quot;:&quot;yes&quot;,&quot;background_slideshow_slide_duration&quot;:5000,&quot;background_slideshow_slide_transition&quot;:&quot;fade&quot;,&quot;background_slideshow_transition_duration&quot;:500}\">\n\t\t\t\t<\/div>\n\t\t\t\t\t<\/div>\n\t\t\t\t<\/div>\n\t\t<div class=\"elementor-element elementor-element-06ca77d e-flex e-con-boxed e-con e-parent\" data-id=\"06ca77d\" data-element_type=\"container\">\n\t\t\t\t\t<div class=\"e-con-inner\">\n\t\t\t\t<div class=\"elementor-element elementor-element-0297473 elementor-widget elementor-widget-text-editor\" data-id=\"0297473\" data-element_type=\"widget\" data-widget_type=\"text-editor.default\">\n\t\t\t\t\t\t\t\t\t<h2><strong>Pourquoi d\u00e9l\u00e9guer la logistique change tout ?<\/strong><\/h2><p>Un d\u00e9m\u00e9nagement international, m\u00eame \u00ab\u00a0court\u00a0\u00bb comme Paris-Bruxelles (318 km), g\u00e9n\u00e8re une charge mentale consid\u00e9rable. Entre la recherche du logement, les d\u00e9marches administratives, la r\u00e9siliation de vos contrats fran\u00e7ais (EDF, internet, assurances) et les nouvelles souscriptions belges, votre bande passante est d\u00e9j\u00e0 pleine avant m\u00eame d&rsquo;avoir sorti un carton.<\/p><p>C&rsquo;est pr\u00e9cis\u00e9ment l\u00e0 que confier la partie transport \u00e0 un professionnel qui conna\u00eet les contraintes locales fait une vraie diff\u00e9rence. Connaissance des zones r\u00e9glement\u00e9es, gestion des autorisations de stationnement en commune belge, respect des cr\u00e9neaux de livraison dans les quartiers sensibles. Ce sont des d\u00e9tails qui, mal g\u00e9r\u00e9s, peuvent transformer un jour de d\u00e9m\u00e9nagement pr\u00e9vu en cauchemar de deux jours.<\/p><p>Bring4You met en relation avec des d\u00e9m\u00e9nageurs s\u00e9lectionn\u00e9s qui r\u00e9alisent r\u00e9guli\u00e8rement des trajets France-Belgique. Le principe : vous d\u00e9posez votre demande, vous recevez plusieurs devis comparables, vous choisissez. Pas de surprises en fin de course, pas de frais cach\u00e9s gliss\u00e9s dans les petits caract\u00e8res.<\/p>\t\t\t\t\t\t\t\t<\/div>\n\t\t\t\t\t<\/div>\n\t\t\t\t<\/div>\n\t\t<div class=\"elementor-element elementor-element-4d60e64 e-flex e-con-boxed e-con e-parent\" data-id=\"4d60e64\" data-element_type=\"container\" data-settings=\"{&quot;background_background&quot;:&quot;classic&quot;}\">\n\t\t\t\t\t<div class=\"e-con-inner\">\n\t\t<div class=\"elementor-element elementor-element-c2f5b67 e-con-full e-flex e-con e-child\" data-id=\"c2f5b67\" data-element_type=\"container\">\n\t\t\t\t<div class=\"elementor-element elementor-element-60c4ab1 elementor-headline--style-highlight elementor-widget elementor-widget-animated-headline\" data-id=\"60c4ab1\" data-element_type=\"widget\" data-settings=\"{&quot;highlighted_text&quot;:&quot;un d\\u00e9m\\u00e9nagement r\\u00e9ussi&quot;,&quot;marker&quot;:&quot;double_underline&quot;,&quot;headline_style&quot;:&quot;highlight&quot;,&quot;loop&quot;:&quot;yes&quot;,&quot;highlight_animation_duration&quot;:1200,&quot;highlight_iteration_delay&quot;:8000}\" data-widget_type=\"animated-headline.default\">\n\t\t\t\t\t\t\t<h2 class=\"elementor-headline\">\n\t\t\t\t\t<span class=\"elementor-headline-plain-text elementor-headline-text-wrapper\">Organisation pratique pour <\/span>\n\t\t\t\t<span class=\"elementor-headline-dynamic-wrapper elementor-headline-text-wrapper\">\n\t\t\t\t\t<span class=\"elementor-headline-dynamic-text elementor-headline-text-active\">un d\u00e9m\u00e9nagement r\u00e9ussi<\/span>\n\t\t\t\t<\/span>\n\t\t\t\t<\/h2>\n\t\t\t\t\t\t<\/div>\n\t\t\t\t<div class=\"elementor-element elementor-element-8eba3d9 elementor-widget elementor-widget-text-editor\" data-id=\"8eba3d9\" data-element_type=\"widget\" data-widget_type=\"text-editor.default\">\n\t\t\t\t\t\t\t\t\t<p><span style=\"font-weight: 400;\">Un d\u00e9m\u00e9nagement r\u00e9ussi n\u00e9cessite une organisation minutieuse et une bonne planification. En suivant quelques \u00e9tapes cl\u00e9s, vous pouvez rendre ce processus moins stressant et plus efficace. De la r\u00e9duction de votre inventaire \u00e0 la s\u00e9lection de formules \u00e9conomiques, en passant par le choix de la bonne p\u00e9riode, ce guide vous aidera \u00e0 organiser votre d\u00e9m\u00e9nagement en Belgique de mani\u00e8re optimale.<\/span><\/p>\t\t\t\t\t\t\t\t<\/div>\n\t\t\t\t<div class=\"elementor-element elementor-element-71f45b5 elementor-widget elementor-widget-n-accordion\" data-id=\"71f45b5\" data-element_type=\"widget\" data-settings=\"{&quot;default_state&quot;:&quot;expanded&quot;,&quot;max_items_expended&quot;:&quot;one&quot;,&quot;n_accordion_animation_duration&quot;:{&quot;unit&quot;:&quot;ms&quot;,&quot;size&quot;:400,&quot;sizes&quot;:[]}}\" data-widget_type=\"nested-accordion.default\">\n\t\t\t\t\t\t\t<div class=\"e-n-accordion\" aria-label=\"Accordion. Open links with Enter or Space, close with Escape, and navigate with Arrow Keys\">\n\t\t\t\t\t\t<details id=\"e-n-accordion-item-1190\" class=\"e-n-accordion-item\" open>\n\t\t\t\t<summary class=\"e-n-accordion-item-title\" data-accordion-index=\"1\" tabindex=\"0\" aria-expanded=\"true\" aria-controls=\"e-n-accordion-item-1190\" >\n\t\t\t\t\t<span class='e-n-accordion-item-title-header'><div class=\"e-n-accordion-item-title-text\"> Comment organiser son d\u00e9m\u00e9nagement en Belgique ?\u00a0 <\/div><\/span>\n\t\t\t\t\t\t\t<span class='e-n-accordion-item-title-icon'>\n\t\t\t<span class='e-opened' ><svg aria-hidden=\"true\" class=\"e-font-icon-svg e-fas-minus\" viewBox=\"0 0 448 512\" xmlns=\"http:\/\/www.w3.org\/2000\/svg\"><path d=\"M416 208H32c-17.67 0-32 14.33-32 32v32c0 17.67 14.33 32 32 32h384c17.67 0 32-14.33 32-32v-32c0-17.67-14.33-32-32-32z\"><\/path><\/svg><\/span>\n\t\t\t<span class='e-closed'><svg aria-hidden=\"true\" class=\"e-font-icon-svg e-fas-plus\" viewBox=\"0 0 448 512\" xmlns=\"http:\/\/www.w3.org\/2000\/svg\"><path d=\"M416 208H272V64c0-17.67-14.33-32-32-32h-32c-17.67 0-32 14.33-32 32v144H32c-17.67 0-32 14.33-32 32v32c0 17.67 14.33 32 32 32h144v144c0 17.67 14.33 32 32 32h32c17.67 0 32-14.33 32-32V304h144c17.67 0 32-14.33 32-32v-32c0-17.67-14.33-32-32-32z\"><\/path><\/svg><\/span>\n\t\t<\/span>\n\n\t\t\t\t\t\t<\/summary>\n\t\t\t\t<div role=\"region\" aria-labelledby=\"e-n-accordion-item-1190\" class=\"elementor-element elementor-element-6d52d4c e-con-full e-flex e-con e-child\" data-id=\"6d52d4c\" data-element_type=\"container\">\n\t\t\t\t<div class=\"elementor-element elementor-element-692740f elementor-widget elementor-widget-text-editor\" data-id=\"692740f\" data-element_type=\"widget\" data-widget_type=\"text-editor.default\">\n\t\t\t\t\t\t\t\t\t<p><span style=\"font-weight: 400;\">Pour organiser votre d\u00e9m\u00e9nagement en Belgique, commencez par \u00e9tablir un planning d\u00e9taill\u00e9. Faites une liste de toutes les t\u00e2ches \u00e0 accomplir, comme la r\u00e9siliation des contrats, le changement d&rsquo;adresse et la r\u00e9servation d&rsquo;une entreprise de d\u00e9m\u00e9nagement. Pr\u00e9parez vos cartons \u00e0 l&rsquo;avance et \u00e9tiquetez-les clairement. Contactez plusieurs d\u00e9m\u00e9nageurs pour comparer les devis et choisissez celui qui correspond le mieux \u00e0 vos besoins.<\/span><\/p>\t\t\t\t\t\t\t\t<\/div>\n\t\t\t\t<\/div>\n\t\t\t\t\t<\/details>\n\t\t\t\t\t\t<details id=\"e-n-accordion-item-1191\" class=\"e-n-accordion-item\" >\n\t\t\t\t<summary class=\"e-n-accordion-item-title\" data-accordion-index=\"2\" tabindex=\"-1\" aria-expanded=\"false\" aria-controls=\"e-n-accordion-item-1191\" >\n\t\t\t\t\t<span class='e-n-accordion-item-title-header'><div class=\"e-n-accordion-item-title-text\"> Savoir r\u00e9duire son inventaire\u00a0 <\/div><\/span>\n\t\t\t\t\t\t\t<span class='e-n-accordion-item-title-icon'>\n\t\t\t<span class='e-opened' ><svg aria-hidden=\"true\" class=\"e-font-icon-svg e-fas-minus\" viewBox=\"0 0 448 512\" xmlns=\"http:\/\/www.w3.org\/2000\/svg\"><path d=\"M416 208H32c-17.67 0-32 14.33-32 32v32c0 17.67 14.33 32 32 32h384c17.67 0 32-14.33 32-32v-32c0-17.67-14.33-32-32-32z\"><\/path><\/svg><\/span>\n\t\t\t<span class='e-closed'><svg aria-hidden=\"true\" class=\"e-font-icon-svg e-fas-plus\" viewBox=\"0 0 448 512\" xmlns=\"http:\/\/www.w3.org\/2000\/svg\"><path d=\"M416 208H272V64c0-17.67-14.33-32-32-32h-32c-17.67 0-32 14.33-32 32v144H32c-17.67 0-32 14.33-32 32v32c0 17.67 14.33 32 32 32h144v144c0 17.67 14.33 32 32 32h32c17.67 0 32-14.33 32-32V304h144c17.67 0 32-14.33 32-32v-32c0-17.67-14.33-32-32-32z\"><\/path><\/svg><\/span>\n\t\t<\/span>\n\n\t\t\t\t\t\t<\/summary>\n\t\t\t\t<div role=\"region\" aria-labelledby=\"e-n-accordion-item-1191\" class=\"elementor-element elementor-element-da7edbc e-con-full e-flex e-con e-child\" data-id=\"da7edbc\" data-element_type=\"container\">\n\t\t\t\t<div class=\"elementor-element elementor-element-a9ba2c7 elementor-widget elementor-widget-text-editor\" data-id=\"a9ba2c7\" data-element_type=\"widget\" data-widget_type=\"text-editor.default\">\n\t\t\t\t\t\t\t\t\t<p><span style=\"font-weight: 400;\">R\u00e9duire son inventaire est essentiel pour un d\u00e9m\u00e9nagement \u00e9conomique et efficace. Triez vos affaires et s\u00e9parez-vous des objets inutiles ou encombrants. Vendez, donnez ou recyclez ce dont vous n&rsquo;avez plus besoin. Moins vous avez de biens \u00e0 transporter, plus vous \u00e9conomiserez sur les frais de d\u00e9m\u00e9nagement. Cette \u00e9tape facilite \u00e9galement l&rsquo;organisation et l&rsquo;installation dans votre nouveau domicile.<\/span><\/p>\t\t\t\t\t\t\t\t<\/div>\n\t\t\t\t<\/div>\n\t\t\t\t\t<\/details>\n\t\t\t\t\t\t<details id=\"e-n-accordion-item-1192\" class=\"e-n-accordion-item\" >\n\t\t\t\t<summary class=\"e-n-accordion-item-title\" data-accordion-index=\"3\" tabindex=\"-1\" aria-expanded=\"false\" aria-controls=\"e-n-accordion-item-1192\" >\n\t\t\t\t\t<span class='e-n-accordion-item-title-header'><div class=\"e-n-accordion-item-title-text\"> Choisir les formules les plus \u00e9conomiques\u00a0 <\/div><\/span>\n\t\t\t\t\t\t\t<span class='e-n-accordion-item-title-icon'>\n\t\t\t<span class='e-opened' ><svg aria-hidden=\"true\" class=\"e-font-icon-svg e-fas-minus\" viewBox=\"0 0 448 512\" xmlns=\"http:\/\/www.w3.org\/2000\/svg\"><path d=\"M416 208H32c-17.67 0-32 14.33-32 32v32c0 17.67 14.33 32 32 32h384c17.67 0 32-14.33 32-32v-32c0-17.67-14.33-32-32-32z\"><\/path><\/svg><\/span>\n\t\t\t<span class='e-closed'><svg aria-hidden=\"true\" class=\"e-font-icon-svg e-fas-plus\" viewBox=\"0 0 448 512\" xmlns=\"http:\/\/www.w3.org\/2000\/svg\"><path d=\"M416 208H272V64c0-17.67-14.33-32-32-32h-32c-17.67 0-32 14.33-32 32v144H32c-17.67 0-32 14.33-32 32v32c0 17.67 14.33 32 32 32h144v144c0 17.67 14.33 32 32 32h32c17.67 0 32-14.33 32-32V304h144c17.67 0 32-14.33 32-32v-32c0-17.67-14.33-32-32-32z\"><\/path><\/svg><\/span>\n\t\t<\/span>\n\n\t\t\t\t\t\t<\/summary>\n\t\t\t\t<div role=\"region\" aria-labelledby=\"e-n-accordion-item-1192\" class=\"elementor-element elementor-element-928ed17 e-con-full e-flex e-con e-child\" data-id=\"928ed17\" data-element_type=\"container\">\n\t\t\t\t<div class=\"elementor-element elementor-element-9657b55 elementor-widget elementor-widget-text-editor\" data-id=\"9657b55\" data-element_type=\"widget\" data-widget_type=\"text-editor.default\">\n\t\t\t\t\t\t\t\t\t<p><span style=\"font-weight: 400;\">Pour un d\u00e9m\u00e9nagement \u00e9conomique, comparez les diff\u00e9rentes formules propos\u00e9es par les d\u00e9m\u00e9nageurs. Optez pour une formule standard o\u00f9 vous vous occupez de l&#8217;emballage et du d\u00e9ballage. Louer un camion et effectuer le d\u00e9m\u00e9nagement vous-m\u00eame avec l&rsquo;aide d&rsquo;amis peut \u00e9galement r\u00e9duire les co\u00fbts. Assurez-vous de r\u00e9server \u00e0 l&rsquo;avance pour b\u00e9n\u00e9ficier des meilleurs tarifs.<\/span><\/p>\t\t\t\t\t\t\t\t<\/div>\n\t\t\t\t<\/div>\n\t\t\t\t\t<\/details>\n\t\t\t\t\t\t<details id=\"e-n-accordion-item-1193\" class=\"e-n-accordion-item\" >\n\t\t\t\t<summary class=\"e-n-accordion-item-title\" data-accordion-index=\"4\" tabindex=\"-1\" aria-expanded=\"false\" aria-controls=\"e-n-accordion-item-1193\" >\n\t\t\t\t\t<span class='e-n-accordion-item-title-header'><div class=\"e-n-accordion-item-title-text\"> D\u00e9m\u00e9nager pendant la basse saison\u00a0 <\/div><\/span>\n\t\t\t\t\t\t\t<span class='e-n-accordion-item-title-icon'>\n\t\t\t<span class='e-opened' ><svg aria-hidden=\"true\" class=\"e-font-icon-svg e-fas-minus\" viewBox=\"0 0 448 512\" xmlns=\"http:\/\/www.w3.org\/2000\/svg\"><path d=\"M416 208H32c-17.67 0-32 14.33-32 32v32c0 17.67 14.33 32 32 32h384c17.67 0 32-14.33 32-32v-32c0-17.67-14.33-32-32-32z\"><\/path><\/svg><\/span>\n\t\t\t<span class='e-closed'><svg aria-hidden=\"true\" class=\"e-font-icon-svg e-fas-plus\" viewBox=\"0 0 448 512\" xmlns=\"http:\/\/www.w3.org\/2000\/svg\"><path d=\"M416 208H272V64c0-17.67-14.33-32-32-32h-32c-17.67 0-32 14.33-32 32v144H32c-17.67 0-32 14.33-32 32v32c0 17.67 14.33 32 32 32h144v144c0 17.67 14.33 32 32 32h32c17.67 0 32-14.33 32-32V304h144c17.67 0 32-14.33 32-32v-32c0-17.67-14.33-32-32-32z\"><\/path><\/svg><\/span>\n\t\t<\/span>\n\n\t\t\t\t\t\t<\/summary>\n\t\t\t\t<div role=\"region\" aria-labelledby=\"e-n-accordion-item-1193\" class=\"elementor-element elementor-element-43c3688 e-con-full e-flex e-con e-child\" data-id=\"43c3688\" data-element_type=\"container\">\n\t\t\t\t<div class=\"elementor-element elementor-element-7f847a6 elementor-widget elementor-widget-text-editor\" data-id=\"7f847a6\" data-element_type=\"widget\" data-widget_type=\"text-editor.default\">\n\t\t\t\t\t\t\t\t\t<p><span style=\"font-weight: 400;\">D\u00e9m\u00e9nager pendant la basse saison, g\u00e9n\u00e9ralement en automne ou en hiver, peut vous permettre de r\u00e9aliser des \u00e9conomies significatives. Les d\u00e9m\u00e9nageurs proposent souvent des tarifs r\u00e9duits durant ces p\u00e9riodes moins demand\u00e9es. \u00c9vitez les week-ends et les fins de mois, qui sont plus charg\u00e9s. Planifier votre d\u00e9m\u00e9nagement en semaine et hors saison peut ainsi vous garantir de meilleurs prix et une plus grande disponibilit\u00e9 des services.<\/span><\/p>\t\t\t\t\t\t\t\t<\/div>\n\t\t\t\t<\/div>\n\t\t\t\t\t<\/details>\n\t\t\t\t\t\t<details id=\"e-n-accordion-item-1194\" class=\"e-n-accordion-item\" >\n\t\t\t\t<summary class=\"e-n-accordion-item-title\" data-accordion-index=\"5\" tabindex=\"-1\" aria-expanded=\"false\" aria-controls=\"e-n-accordion-item-1194\" >\n\t\t\t\t\t<span class='e-n-accordion-item-title-header'><div class=\"e-n-accordion-item-title-text\"> Penser au d\u00e9m\u00e9nagement group\u00e9\u00a0 <\/div><\/span>\n\t\t\t\t\t\t\t<span class='e-n-accordion-item-title-icon'>\n\t\t\t<span class='e-opened' ><svg aria-hidden=\"true\" class=\"e-font-icon-svg e-fas-minus\" viewBox=\"0 0 448 512\" xmlns=\"http:\/\/www.w3.org\/2000\/svg\"><path d=\"M416 208H32c-17.67 0-32 14.33-32 32v32c0 17.67 14.33 32 32 32h384c17.67 0 32-14.33 32-32v-32c0-17.67-14.33-32-32-32z\"><\/path><\/svg><\/span>\n\t\t\t<span class='e-closed'><svg aria-hidden=\"true\" class=\"e-font-icon-svg e-fas-plus\" viewBox=\"0 0 448 512\" xmlns=\"http:\/\/www.w3.org\/2000\/svg\"><path d=\"M416 208H272V64c0-17.67-14.33-32-32-32h-32c-17.67 0-32 14.33-32 32v144H32c-17.67 0-32 14.33-32 32v32c0 17.67 14.33 32 32 32h144v144c0 17.67 14.33 32 32 32h32c17.67 0 32-14.33 32-32V304h144c17.67 0 32-14.33 32-32v-32c0-17.67-14.33-32-32-32z\"><\/path><\/svg><\/span>\n\t\t<\/span>\n\n\t\t\t\t\t\t<\/summary>\n\t\t\t\t<div role=\"region\" aria-labelledby=\"e-n-accordion-item-1194\" class=\"elementor-element elementor-element-29ec422 e-con-full e-flex e-con e-child\" data-id=\"29ec422\" data-element_type=\"container\">\n\t\t\t\t<div class=\"elementor-element elementor-element-b99a942 elementor-widget elementor-widget-text-editor\" data-id=\"b99a942\" data-element_type=\"widget\" data-widget_type=\"text-editor.default\">\n\t\t\t\t\t\t\t\t\t<p><span style=\"font-weight: 400;\">Le d\u00e9m\u00e9nagement group\u00e9 est une option \u00e9conomique o\u00f9 vous partagez un camion avec d&rsquo;autres personnes d\u00e9m\u00e9nageant vers la m\u00eame destination. Cela permet de r\u00e9duire les co\u00fbts de transport en partageant les frais. Contactez des d\u00e9m\u00e9nageurs sp\u00e9cialis\u00e9s dans ce type de service et planifiez votre d\u00e9m\u00e9nagement \u00e0 une date flexible pour b\u00e9n\u00e9ficier de cette solution pratique et abordable.<\/span><\/p>\t\t\t\t\t\t\t\t<\/div>\n\t\t\t\t<\/div>\n\t\t\t\t\t<\/details>\n\t\t\t\t\t<\/div>\n\t\t\t\t\t\t<\/div>\n\t\t\t\t<\/div>\n\t\t<div class=\"elementor-element elementor-element-5d58e50 e-con-full e-flex e-con e-child\" data-id=\"5d58e50\" data-element_type=\"container\" data-settings=\"{&quot;background_background&quot;:&quot;slideshow&quot;,&quot;background_slideshow_gallery&quot;:[{&quot;id&quot;:5954,&quot;url&quot;:&quot;https:\\\/\\\/bring4you.com\\\/blog\\\/wp-content\\\/uploads\\\/2026\\\/01\\\/preparer-demenagement-dentreprise.jpg&quot;}],&quot;background_slideshow_loop&quot;:&quot;yes&quot;,&quot;background_slideshow_slide_duration&quot;:5000,&quot;background_slideshow_slide_transition&quot;:&quot;fade&quot;,&quot;background_slideshow_transition_duration&quot;:500}\">\n\t\t\t\t<\/div>\n\t\t\t\t\t<\/div>\n\t\t\t\t<\/div>\n\t\t<div class=\"elementor-element elementor-element-837b7fe e-flex e-con-boxed e-con e-parent\" data-id=\"837b7fe\" data-element_type=\"container\">\n\t\t\t\t\t<div class=\"e-con-inner\">\n\t\t\t\t<div class=\"elementor-element elementor-element-9dce6ad elementor-widget elementor-widget-text-editor\" data-id=\"9dce6ad\" data-element_type=\"widget\" data-widget_type=\"text-editor.default\">\n\t\t\t\t\t\t\t\t\t<h2><strong>Une derni\u00e8re chose avant de faire vos cartons<\/strong><\/h2><p>La Belgique a un truc que beaucoup de nouveaux arrivants d\u00e9couvrent seulement une fois sur place : c&rsquo;est un pays qui fonctionne diff\u00e9remment selon la langue du coin. S&rsquo;installer \u00e0 Gand en ne parlant que le fran\u00e7ais, c&rsquo;est faisable mais \u00e7a ralentit tout. \u00c0 Bruxelles, le bilinguisme officiel est une r\u00e9alit\u00e9 concr\u00e8te dans les administrations. Et en Wallonie, les diff\u00e9rences r\u00e9gionales entre communes peuvent encore surprendre.<\/p><p>Ce n&rsquo;est pas r\u00e9dhibitoire, bien s\u00fbr. Des centaines de milliers de Fran\u00e7ais vivent tr\u00e8s bien en Belgique. Mais ce n&rsquo;est pas non plus un simple \u00ab\u00a0changement de d\u00e9partement\u00a0\u00bb. Pr\u00e9parez-vous comme <a href=\"https:\/\/bring4you.com\/demenagement\/information\/demenagement-international\">pour un vrai d\u00e9m\u00e9nagement international<\/a>, avec le soin que \u00e7a m\u00e9rite, et votre installation se passera nettement mieux.<\/p><p>Et une fois les cartons d\u00e9charg\u00e9s ? Allez prendre une Trappiste au premier caf\u00e9 venu. C&rsquo;est l\u00e0 que \u00e7a commence vraiment.<\/p><blockquote><p><em>Vous pr\u00e9parez votre d\u00e9m\u00e9nagement vers la Belgique ? Obtenez plusieurs devis comparatifs en quelques minutes sur Bring4You et trouvez le prestataire qui correspond \u00e0 votre trajet et votre volume.<\/em><\/p><\/blockquote>\t\t\t\t\t\t\t\t<\/div>\n\t\t\t\t\t<\/div>\n\t\t\t\t<\/div>\n\t\t<div class=\"elementor-element elementor-element-33d3be3 e-con-full e-flex e-con e-child\" data-id=\"33d3be3\" data-element_type=\"container\" data-settings=\"{&quot;background_background&quot;:&quot;classic&quot;}\">\n\t\t<div class=\"elementor-element elementor-element-5706375 e-con-full e-flex e-con e-child\" data-id=\"5706375\" data-element_type=\"container\" data-settings=\"{&quot;background_background&quot;:&quot;classic&quot;,&quot;background_motion_fx_motion_fx_scrolling&quot;:&quot;yes&quot;,&quot;background_motion_fx_scale_effect&quot;:&quot;yes&quot;,&quot;background_motion_fx_scale_speed&quot;:{&quot;unit&quot;:&quot;px&quot;,&quot;size&quot;:1,&quot;sizes&quot;:[]},&quot;background_motion_fx_scale_direction&quot;:&quot;out-in&quot;,&quot;background_motion_fx_scale_range&quot;:{&quot;unit&quot;:&quot;%&quot;,&quot;size&quot;:&quot;&quot;,&quot;sizes&quot;:{&quot;start&quot;:20,&quot;end&quot;:80}},&quot;background_motion_fx_devices&quot;:[&quot;desktop&quot;,&quot;tablet&quot;,&quot;mobile&quot;]}\">\n\t\t\t\t<\/div>\n\t\t<div class=\"elementor-element elementor-element-9c805eb e-con-full e-flex e-con e-child\" data-id=\"9c805eb\" data-element_type=\"container\" data-settings=\"{&quot;background_background&quot;:&quot;classic&quot;}\">\n\t\t\t\t<div class=\"elementor-element elementor-element-21193dd elementor-headline--style-highlight elementor-widget elementor-widget-animated-headline\" data-id=\"21193dd\" data-element_type=\"widget\" data-settings=\"{&quot;highlighted_text&quot;:&quot; !&quot;,&quot;marker&quot;:&quot;double_underline&quot;,&quot;headline_style&quot;:&quot;highlight&quot;,&quot;loop&quot;:&quot;yes&quot;,&quot;highlight_animation_duration&quot;:1200,&quot;highlight_iteration_delay&quot;:8000}\" data-widget_type=\"animated-headline.default\">\n\t\t\t\t\t\t\t<h2 class=\"elementor-headline\">\n\t\t\t\t\t<span class=\"elementor-headline-plain-text elementor-headline-text-wrapper\">Obtenez les meilleurs tarifs de d\u00e9m\u00e9nagement en <\/span>\n\t\t\t\t<span class=\"elementor-headline-dynamic-wrapper elementor-headline-text-wrapper\">\n\t\t\t\t\t<span class=\"elementor-headline-dynamic-text elementor-headline-text-active\"> !<\/span>\n\t\t\t\t<\/span>\n\t\t\t\t<\/h2>\n\t\t\t\t\t\t<\/div>\n\t\t<div class=\"elementor-element elementor-element-a408b44 e-grid e-con-full e-con e-child\" data-id=\"a408b44\" data-element_type=\"container\">\n\t\t\t\t<div class=\"elementor-element elementor-element-2fb9331 elementor-align-center elementor-widget elementor-widget-button\" data-id=\"2fb9331\" data-element_type=\"widget\" data-widget_type=\"button.default\">\n\t\t\t\t\t\t\t\t\t\t<a class=\"elementor-button elementor-button-link elementor-size-sm elementor-animation-grow\" href=\"https:\/\/bring4you.com\/blog\/calcul-volume-demenagement\/\">\n\t\t\t\t\t\t<span class=\"elementor-button-content-wrapper\">\n\t\t\t\t\t\t\t\t\t<span class=\"elementor-button-text\">Comparer les offres<\/span>\n\t\t\t\t\t<\/span>\n\t\t\t\t\t<\/a>\n\t\t\t\t\t\t\t\t<\/div>\n\t\t\t\t<div class=\"elementor-element elementor-element-b0c1e43 elementor-align-center elementor-widget elementor-widget-button\" data-id=\"b0c1e43\" data-element_type=\"widget\" data-widget_type=\"button.default\">\n\t\t\t\t\t\t\t\t\t\t<a class=\"elementor-button elementor-button-link elementor-size-sm elementor-animation-grow\" href=\"https:\/\/bring4you.com\/blog\/calcul-volume-demenagement\/\">\n\t\t\t\t\t\t<span class=\"elementor-button-content-wrapper\">\n\t\t\t\t\t\t\t\t\t<span class=\"elementor-button-text\">Calculer mon volume<\/span>\n\t\t\t\t\t<\/span>\n\t\t\t\t\t<\/a>\n\t\t\t\t\t\t\t\t<\/div>\n\t\t\t\t<\/div>\n\t\t\t\t<\/div>\n\t\t\t\t<\/div>\n\t\t\t\t<\/div>\n\t\t","protected":false},"excerpt":{"rendered":"<p>Belgique<\/p>\n","protected":false},"author":3,"featured_media":1515,"comment_status":"open","ping_status":"open","sticky":false,"template":"","format":"standard","meta":{"inline_featured_image":false,"footnotes":""},"categories":[67,39,59,928],"tags":[],"class_list":["post-1514","post","type-post","status-publish","format-standard","has-post-thumbnail","hentry","category-belgique","category-demenagement","category-international","category-new-ville"],"yoast_head":"<!-- This site is optimized with the Yoast SEO plugin v25.9 - https:\/\/yoast.com\/wordpress\/plugins\/seo\/ -->\n<title>D\u00e9m\u00e9nager en Belgique - Le guide complet pour bien s\u2019installer<\/title>\n<meta name=\"description\" content=\"Apprenez comment d\u00e9m\u00e9nager en Belgique : suivez notre guide pratique pour un transfert sans stress, avec conseils et \u00e9tapes cl\u00e9s.\" \/>\n<meta name=\"robots\" content=\"index, follow, max-snippet:-1, max-image-preview:large, max-video-preview:-1\" \/>\n<link rel=\"canonical\" href=\"https:\/\/bring4you.com\/blog\/2024\/07\/30\/comment-demenager-en-belgique\/\" \/>\n<meta property=\"og:locale\" content=\"fr_FR\" \/>\n<meta property=\"og:type\" content=\"article\" \/>\n<meta property=\"og:title\" content=\"D\u00e9m\u00e9nager en Belgique - Le guide complet pour bien s\u2019installer\" \/>\n<meta property=\"og:description\" content=\"Apprenez comment d\u00e9m\u00e9nager en Belgique : suivez notre guide pratique pour un transfert sans stress, avec conseils et \u00e9tapes cl\u00e9s.\" \/>\n<meta property=\"og:url\" content=\"https:\/\/bring4you.com\/blog\/2024\/07\/30\/comment-demenager-en-belgique\/\" \/>\n<meta property=\"og:site_name\" content=\"Bring4You\" \/>\n<meta property=\"article:publisher\" content=\"https:\/\/www.facebook.com\/ibring4you\" \/>\n<meta property=\"article:published_time\" content=\"2024-07-30T06:27:03+00:00\" \/>\n<meta property=\"article:modified_time\" content=\"2026-04-10T14:32:29+00:00\" \/>\n<meta property=\"og:image\" content=\"https:\/\/bring4you.com\/blog\/wp-content\/uploads\/2024\/07\/comment-demenager-en-belgique-bring4you.webp\" \/>\n\t<meta property=\"og:image:width\" content=\"1792\" \/>\n\t<meta property=\"og:image:height\" content=\"1024\" \/>\n\t<meta property=\"og:image:type\" content=\"image\/webp\" \/>\n<meta name=\"author\" content=\"Pierre\" \/>\n<meta name=\"twitter:card\" content=\"summary_large_image\" \/>\n<meta name=\"twitter:label1\" content=\"\u00c9crit par\" \/>\n\t<meta name=\"twitter:data1\" content=\"Pierre\" \/>\n\t<meta name=\"twitter:label2\" content=\"Dur\u00e9e de lecture estim\u00e9e\" \/>\n\t<meta name=\"twitter:data2\" content=\"18 minutes\" \/>\n<script type=\"application\/ld+json\" class=\"yoast-schema-graph\">{\"@context\":\"https:\/\/schema.org\",\"@graph\":[{\"@type\":\"Article\",\"@id\":\"https:\/\/bring4you.com\/blog\/2024\/07\/30\/comment-demenager-en-belgique\/#article\",\"isPartOf\":{\"@id\":\"https:\/\/bring4you.com\/blog\/2024\/07\/30\/comment-demenager-en-belgique\/\"},\"author\":{\"name\":\"Pierre\",\"@id\":\"https:\/\/bring4you.com\/blog\/#\/schema\/person\/9525d65d3a46138e4b1cc59257ff430c\"},\"headline\":\"Comment d\u00e9m\u00e9nager en Belgique : Guide complet\",\"datePublished\":\"2024-07-30T06:27:03+00:00\",\"dateModified\":\"2026-04-10T14:32:29+00:00\",\"mainEntityOfPage\":{\"@id\":\"https:\/\/bring4you.com\/blog\/2024\/07\/30\/comment-demenager-en-belgique\/\"},\"wordCount\":3681,\"commentCount\":0,\"publisher\":{\"@id\":\"https:\/\/bring4you.com\/blog\/#organization\"},\"image\":{\"@id\":\"https:\/\/bring4you.com\/blog\/2024\/07\/30\/comment-demenager-en-belgique\/#primaryimage\"},\"thumbnailUrl\":\"https:\/\/bring4you.com\/blog\/wp-content\/uploads\/2024\/07\/comment-demenager-en-belgique-bring4you.webp\",\"articleSection\":[\"Belgique\",\"D\u00e9m\u00e9nagement\",\"International\",\"New ville\"],\"inLanguage\":\"fr-FR\",\"potentialAction\":[{\"@type\":\"CommentAction\",\"name\":\"Comment\",\"target\":[\"https:\/\/bring4you.com\/blog\/2024\/07\/30\/comment-demenager-en-belgique\/#respond\"]}]},{\"@type\":\"WebPage\",\"@id\":\"https:\/\/bring4you.com\/blog\/2024\/07\/30\/comment-demenager-en-belgique\/\",\"url\":\"https:\/\/bring4you.com\/blog\/2024\/07\/30\/comment-demenager-en-belgique\/\",\"name\":\"D\u00e9m\u00e9nager en Belgique - Le guide complet pour bien s\u2019installer\",\"isPartOf\":{\"@id\":\"https:\/\/bring4you.com\/blog\/#website\"},\"primaryImageOfPage\":{\"@id\":\"https:\/\/bring4you.com\/blog\/2024\/07\/30\/comment-demenager-en-belgique\/#primaryimage\"},\"image\":{\"@id\":\"https:\/\/bring4you.com\/blog\/2024\/07\/30\/comment-demenager-en-belgique\/#primaryimage\"},\"thumbnailUrl\":\"https:\/\/bring4you.com\/blog\/wp-content\/uploads\/2024\/07\/comment-demenager-en-belgique-bring4you.webp\",\"datePublished\":\"2024-07-30T06:27:03+00:00\",\"dateModified\":\"2026-04-10T14:32:29+00:00\",\"description\":\"Apprenez comment d\u00e9m\u00e9nager en Belgique : suivez notre guide pratique pour un transfert sans stress, avec conseils et \u00e9tapes cl\u00e9s.\",\"breadcrumb\":{\"@id\":\"https:\/\/bring4you.com\/blog\/2024\/07\/30\/comment-demenager-en-belgique\/#breadcrumb\"},\"inLanguage\":\"fr-FR\",\"potentialAction\":[{\"@type\":\"ReadAction\",\"target\":[\"https:\/\/bring4you.com\/blog\/2024\/07\/30\/comment-demenager-en-belgique\/\"]}]},{\"@type\":\"ImageObject\",\"inLanguage\":\"fr-FR\",\"@id\":\"https:\/\/bring4you.com\/blog\/2024\/07\/30\/comment-demenager-en-belgique\/#primaryimage\",\"url\":\"https:\/\/bring4you.com\/blog\/wp-content\/uploads\/2024\/07\/comment-demenager-en-belgique-bring4you.webp\",\"contentUrl\":\"https:\/\/bring4you.com\/blog\/wp-content\/uploads\/2024\/07\/comment-demenager-en-belgique-bring4you.webp\",\"width\":1792,\"height\":1024,\"caption\":\"Comment d\u00e9m\u00e9nager en Belgique : Guide Bring4You\"},{\"@type\":\"BreadcrumbList\",\"@id\":\"https:\/\/bring4you.com\/blog\/2024\/07\/30\/comment-demenager-en-belgique\/#breadcrumb\",\"itemListElement\":[{\"@type\":\"ListItem\",\"position\":1,\"name\":\"Accueil\",\"item\":\"https:\/\/bring4you.com\/blog\/\"},{\"@type\":\"ListItem\",\"position\":2,\"name\":\"Comment d\u00e9m\u00e9nager en Belgique : Guide complet\"}]},{\"@type\":\"WebSite\",\"@id\":\"https:\/\/bring4you.com\/blog\/#website\",\"url\":\"https:\/\/bring4you.com\/blog\/\",\"name\":\"Bring4You\",\"description\":\"D\u00e9m\u00e9nagement\",\"publisher\":{\"@id\":\"https:\/\/bring4you.com\/blog\/#organization\"},\"potentialAction\":[{\"@type\":\"SearchAction\",\"target\":{\"@type\":\"EntryPoint\",\"urlTemplate\":\"https:\/\/bring4you.com\/blog\/?s={search_term_string}\"},\"query-input\":{\"@type\":\"PropertyValueSpecification\",\"valueRequired\":true,\"valueName\":\"search_term_string\"}}],\"inLanguage\":\"fr-FR\"},{\"@type\":\"Organization\",\"@id\":\"https:\/\/bring4you.com\/blog\/#organization\",\"name\":\"Bring4You\",\"alternateName\":\"D\u00e9m\u00e9nageur France et international\",\"url\":\"https:\/\/bring4you.com\/blog\/\",\"logo\":{\"@type\":\"ImageObject\",\"inLanguage\":\"fr-FR\",\"@id\":\"https:\/\/bring4you.com\/blog\/#\/schema\/logo\/image\/\",\"url\":\"https:\/\/bring4you.com\/blog\/wp-content\/uploads\/2024\/11\/logo-blanc.svg\",\"contentUrl\":\"https:\/\/bring4you.com\/blog\/wp-content\/uploads\/2024\/11\/logo-blanc.svg\",\"width\":190,\"height\":36,\"caption\":\"Bring4You\"},\"image\":{\"@id\":\"https:\/\/bring4you.com\/blog\/#\/schema\/logo\/image\/\"},\"sameAs\":[\"https:\/\/www.facebook.com\/ibring4you\"]},{\"@type\":\"Person\",\"@id\":\"https:\/\/bring4you.com\/blog\/#\/schema\/person\/9525d65d3a46138e4b1cc59257ff430c\",\"name\":\"Pierre\",\"image\":{\"@type\":\"ImageObject\",\"inLanguage\":\"fr-FR\",\"@id\":\"https:\/\/bring4you.com\/blog\/#\/schema\/person\/image\/\",\"url\":\"https:\/\/secure.gravatar.com\/avatar\/4b213025fcf4e575b3d8c5e983cc41bbfc71c798554b2d784f45f8c989d3c2d8?s=96&d=mm&r=g\",\"contentUrl\":\"https:\/\/secure.gravatar.com\/avatar\/4b213025fcf4e575b3d8c5e983cc41bbfc71c798554b2d784f45f8c989d3c2d8?s=96&d=mm&r=g\",\"caption\":\"Pierre\"},\"description\":\"Pierre Mayeul, le virtuose des mots et r\u00e9dacteur en chef du blog de Bring4You, transforme chaque sujet en un article captivant. Toujours \u00e0 l'aff\u00fbt des derni\u00e8res tendances, il met sa plume au service de vos projets de d\u00e9m\u00e9nagement. Quand il ne r\u00e9dige pas, Pierre aime explorer de nouveaux horizons, tester de nouvelles id\u00e9es, et bien s\u00fbr, pr\u00e9parer son prochain article avec une tasse de caf\u00e9 \u00e0 la main.\"}]}<\/script>\n<!-- \/ Yoast SEO plugin. -->","yoast_head_json":{"title":"D\u00e9m\u00e9nager en Belgique - Le guide complet pour bien s\u2019installer","description":"Apprenez comment d\u00e9m\u00e9nager en Belgique : suivez notre guide pratique pour un transfert sans stress, avec conseils et \u00e9tapes cl\u00e9s.","robots":{"index":"index","follow":"follow","max-snippet":"max-snippet:-1","max-image-preview":"max-image-preview:large","max-video-preview":"max-video-preview:-1"},"canonical":"https:\/\/bring4you.com\/blog\/2024\/07\/30\/comment-demenager-en-belgique\/","og_locale":"fr_FR","og_type":"article","og_title":"D\u00e9m\u00e9nager en Belgique - Le guide complet pour bien s\u2019installer","og_description":"Apprenez comment d\u00e9m\u00e9nager en Belgique : suivez notre guide pratique pour un transfert sans stress, avec conseils et \u00e9tapes cl\u00e9s.","og_url":"https:\/\/bring4you.com\/blog\/2024\/07\/30\/comment-demenager-en-belgique\/","og_site_name":"Bring4You","article_publisher":"https:\/\/www.facebook.com\/ibring4you","article_published_time":"2024-07-30T06:27:03+00:00","article_modified_time":"2026-04-10T14:32:29+00:00","og_image":[{"width":1792,"height":1024,"url":"https:\/\/bring4you.com\/blog\/wp-content\/uploads\/2024\/07\/comment-demenager-en-belgique-bring4you.webp","type":"image\/webp"}],"author":"Pierre","twitter_card":"summary_large_image","twitter_misc":{"\u00c9crit par":"Pierre","Dur\u00e9e de lecture estim\u00e9e":"18 minutes"},"schema":{"@context":"https:\/\/schema.org","@graph":[{"@type":"Article","@id":"https:\/\/bring4you.com\/blog\/2024\/07\/30\/comment-demenager-en-belgique\/#article","isPartOf":{"@id":"https:\/\/bring4you.com\/blog\/2024\/07\/30\/comment-demenager-en-belgique\/"},"author":{"name":"Pierre","@id":"https:\/\/bring4you.com\/blog\/#\/schema\/person\/9525d65d3a46138e4b1cc59257ff430c"},"headline":"Comment d\u00e9m\u00e9nager en Belgique : Guide complet","datePublished":"2024-07-30T06:27:03+00:00","dateModified":"2026-04-10T14:32:29+00:00","mainEntityOfPage":{"@id":"https:\/\/bring4you.com\/blog\/2024\/07\/30\/comment-demenager-en-belgique\/"},"wordCount":3681,"commentCount":0,"publisher":{"@id":"https:\/\/bring4you.com\/blog\/#organization"},"image":{"@id":"https:\/\/bring4you.com\/blog\/2024\/07\/30\/comment-demenager-en-belgique\/#primaryimage"},"thumbnailUrl":"https:\/\/bring4you.com\/blog\/wp-content\/uploads\/2024\/07\/comment-demenager-en-belgique-bring4you.webp","articleSection":["Belgique","D\u00e9m\u00e9nagement","International","New ville"],"inLanguage":"fr-FR","potentialAction":[{"@type":"CommentAction","name":"Comment","target":["https:\/\/bring4you.com\/blog\/2024\/07\/30\/comment-demenager-en-belgique\/#respond"]}]},{"@type":"WebPage","@id":"https:\/\/bring4you.com\/blog\/2024\/07\/30\/comment-demenager-en-belgique\/","url":"https:\/\/bring4you.com\/blog\/2024\/07\/30\/comment-demenager-en-belgique\/","name":"D\u00e9m\u00e9nager en Belgique - Le guide complet pour bien s\u2019installer","isPartOf":{"@id":"https:\/\/bring4you.com\/blog\/#website"},"primaryImageOfPage":{"@id":"https:\/\/bring4you.com\/blog\/2024\/07\/30\/comment-demenager-en-belgique\/#primaryimage"},"image":{"@id":"https:\/\/bring4you.com\/blog\/2024\/07\/30\/comment-demenager-en-belgique\/#primaryimage"},"thumbnailUrl":"https:\/\/bring4you.com\/blog\/wp-content\/uploads\/2024\/07\/comment-demenager-en-belgique-bring4you.webp","datePublished":"2024-07-30T06:27:03+00:00","dateModified":"2026-04-10T14:32:29+00:00","description":"Apprenez comment d\u00e9m\u00e9nager en Belgique : suivez notre guide pratique pour un transfert sans stress, avec conseils et \u00e9tapes cl\u00e9s.","breadcrumb":{"@id":"https:\/\/bring4you.com\/blog\/2024\/07\/30\/comment-demenager-en-belgique\/#breadcrumb"},"inLanguage":"fr-FR","potentialAction":[{"@type":"ReadAction","target":["https:\/\/bring4you.com\/blog\/2024\/07\/30\/comment-demenager-en-belgique\/"]}]},{"@type":"ImageObject","inLanguage":"fr-FR","@id":"https:\/\/bring4you.com\/blog\/2024\/07\/30\/comment-demenager-en-belgique\/#primaryimage","url":"https:\/\/bring4you.com\/blog\/wp-content\/uploads\/2024\/07\/comment-demenager-en-belgique-bring4you.webp","contentUrl":"https:\/\/bring4you.com\/blog\/wp-content\/uploads\/2024\/07\/comment-demenager-en-belgique-bring4you.webp","width":1792,"height":1024,"caption":"Comment d\u00e9m\u00e9nager en Belgique : Guide Bring4You"},{"@type":"BreadcrumbList","@id":"https:\/\/bring4you.com\/blog\/2024\/07\/30\/comment-demenager-en-belgique\/#breadcrumb","itemListElement":[{"@type":"ListItem","position":1,"name":"Accueil","item":"https:\/\/bring4you.com\/blog\/"},{"@type":"ListItem","position":2,"name":"Comment d\u00e9m\u00e9nager en Belgique : Guide complet"}]},{"@type":"WebSite","@id":"https:\/\/bring4you.com\/blog\/#website","url":"https:\/\/bring4you.com\/blog\/","name":"Bring4You","description":"D\u00e9m\u00e9nagement","publisher":{"@id":"https:\/\/bring4you.com\/blog\/#organization"},"potentialAction":[{"@type":"SearchAction","target":{"@type":"EntryPoint","urlTemplate":"https:\/\/bring4you.com\/blog\/?s={search_term_string}"},"query-input":{"@type":"PropertyValueSpecification","valueRequired":true,"valueName":"search_term_string"}}],"inLanguage":"fr-FR"},{"@type":"Organization","@id":"https:\/\/bring4you.com\/blog\/#organization","name":"Bring4You","alternateName":"D\u00e9m\u00e9nageur France et international","url":"https:\/\/bring4you.com\/blog\/","logo":{"@type":"ImageObject","inLanguage":"fr-FR","@id":"https:\/\/bring4you.com\/blog\/#\/schema\/logo\/image\/","url":"https:\/\/bring4you.com\/blog\/wp-content\/uploads\/2024\/11\/logo-blanc.svg","contentUrl":"https:\/\/bring4you.com\/blog\/wp-content\/uploads\/2024\/11\/logo-blanc.svg","width":190,"height":36,"caption":"Bring4You"},"image":{"@id":"https:\/\/bring4you.com\/blog\/#\/schema\/logo\/image\/"},"sameAs":["https:\/\/www.facebook.com\/ibring4you"]},{"@type":"Person","@id":"https:\/\/bring4you.com\/blog\/#\/schema\/person\/9525d65d3a46138e4b1cc59257ff430c","name":"Pierre","image":{"@type":"ImageObject","inLanguage":"fr-FR","@id":"https:\/\/bring4you.com\/blog\/#\/schema\/person\/image\/","url":"https:\/\/secure.gravatar.com\/avatar\/4b213025fcf4e575b3d8c5e983cc41bbfc71c798554b2d784f45f8c989d3c2d8?s=96&d=mm&r=g","contentUrl":"https:\/\/secure.gravatar.com\/avatar\/4b213025fcf4e575b3d8c5e983cc41bbfc71c798554b2d784f45f8c989d3c2d8?s=96&d=mm&r=g","caption":"Pierre"},"description":"Pierre Mayeul, le virtuose des mots et r\u00e9dacteur en chef du blog de Bring4You, transforme chaque sujet en un article captivant. Toujours \u00e0 l'aff\u00fbt des derni\u00e8res tendances, il met sa plume au service de vos projets de d\u00e9m\u00e9nagement. Quand il ne r\u00e9dige pas, Pierre aime explorer de nouveaux horizons, tester de nouvelles id\u00e9es, et bien s\u00fbr, pr\u00e9parer son prochain article avec une tasse de caf\u00e9 \u00e0 la main."}]}},"_links":{"self":[{"href":"https:\/\/bring4you.com\/blog\/wp-json\/wp\/v2\/posts\/1514","targetHints":{"allow":["GET"]}}],"collection":[{"href":"https:\/\/bring4you.com\/blog\/wp-json\/wp\/v2\/posts"}],"about":[{"href":"https:\/\/bring4you.com\/blog\/wp-json\/wp\/v2\/types\/post"}],"author":[{"embeddable":true,"href":"https:\/\/bring4you.com\/blog\/wp-json\/wp\/v2\/users\/3"}],"replies":[{"embeddable":true,"href":"https:\/\/bring4you.com\/blog\/wp-json\/wp\/v2\/comments?post=1514"}],"version-history":[{"count":15,"href":"https:\/\/bring4you.com\/blog\/wp-json\/wp\/v2\/posts\/1514\/revisions"}],"predecessor-version":[{"id":6370,"href":"https:\/\/bring4you.com\/blog\/wp-json\/wp\/v2\/posts\/1514\/revisions\/6370"}],"wp:featuredmedia":[{"embeddable":true,"href":"https:\/\/bring4you.com\/blog\/wp-json\/wp\/v2\/media\/1515"}],"wp:attachment":[{"href":"https:\/\/bring4you.com\/blog\/wp-json\/wp\/v2\/media?parent=1514"}],"wp:term":[{"taxonomy":"category","embeddable":true,"href":"https:\/\/bring4you.com\/blog\/wp-json\/wp\/v2\/categories?post=1514"},{"taxonomy":"post_tag","embeddable":true,"href":"https:\/\/bring4you.com\/blog\/wp-json\/wp\/v2\/tags?post=1514"}],"curies":[{"name":"wp","href":"https:\/\/api.w.org\/{rel}","templated":true}]}}