{"id":1156,"date":"2024-07-02T09:33:08","date_gmt":"2024-07-02T09:33:08","guid":{"rendered":"https:\/\/bring4you.com\/blog\/2024\/07\/02\/demenagement-racisme\/"},"modified":"2026-01-29T11:57:26","modified_gmt":"2026-01-29T11:57:26","slug":"demenagement-racisme","status":"publish","type":"post","link":"https:\/\/bring4you.com\/blog\/2024\/07\/02\/demenagement-racisme\/","title":{"rendered":"D\u00e9m\u00e9nagement &#038; Racisme"},"content":{"rendered":"<p>Eh oui, dans le cadre du d\u00e9m\u00e9nagement, on peut aussi rencontrer des gens bizarres\u2026<\/p>\n<p>Le monde cosmopolite et je pr\u00e9f\u00e8re, pour cet article, dire \u00ab <em>multicolore<\/em> \u00bb dans lequel nous vivons semble encore poser des probl\u00e8mes \u00e0 certains clients.<\/p>\n<p>Sachez que la profession de d\u00e9m\u00e9nageur n\u2019a pas de fronti\u00e8re, dans le sens propre comme dans le sens figur\u00e9.<\/p>\n<p>Le d\u00e9m\u00e9nagement, un art en termes de technique et de savoir faire, n\u00e9cessite avant tout des qualit\u00e9s humaines.<\/p>\n<p>Depuis quand ces qualit\u00e9 humaines ont-elles des couleurs ?<\/p>\n<p>Que notre peau soit blanche, hal\u00e9e ou noire, quelle diff\u00e9rence ? Cela a t-il une incidence sur notre savoir faire ?<\/p>\n<p>Prenons chez chacun de nous ce qu\u2019il y a de meilleur, toute sagesse, venue de toute culture nous apporte tant\u2026<\/p>\n<p>Ne faites donc pas comme certains, ne demandez pas \u00e0 votre d\u00e9m\u00e9nageur de faire de la discrimination parmi ses collaborateurs et ne lui demandez pas de s\u00e9lectionner votre \u00e9quipe de d\u00e9m\u00e9nageurs suivant leurs couleurs de peau ou leurs religions.<\/p>\n<p>Ce serait tr\u00e8s mal per\u00e7u\u2026<\/p>\n","protected":false},"excerpt":{"rendered":"<p>Eh oui, dans le cadre du d\u00e9m\u00e9nagement, on peut aussi rencontrer des gens bizarres\u2026 Le monde cosmopolite et je pr\u00e9f\u00e8re, pour cet article, dire \u00ab multicolore \u00bb dans lequel nous vivons semble encore poser des probl\u00e8mes \u00e0 certains clients. Sachez que la profession de d\u00e9m\u00e9nageur n\u2019a pas de fronti\u00e8re, dans le sens propre comme dans [&hellip;]<\/p>\n","protected":false},"author":3,"featured_media":0,"comment_status":"open","ping_status":"open","sticky":false,"template":"","format":"standard","meta":{"inline_featured_image":false,"footnotes":""},"categories":[57],"tags":[],"class_list":["post-1156","post","type-post","status-publish","format-standard","hentry","category-conseils"],"yoast_head":"<!-- This site is optimized with the Yoast SEO plugin v25.9 - https:\/\/yoast.com\/wordpress\/plugins\/seo\/ -->\n<title>D\u00e9m\u00e9nagement &amp; Racisme - Bring4You<\/title>\n<meta name=\"robots\" content=\"index, follow, max-snippet:-1, max-image-preview:large, max-video-preview:-1\" \/>\n<link rel=\"canonical\" href=\"https:\/\/bring4you.com\/blog\/2024\/07\/02\/demenagement-racisme\/\" \/>\n<meta property=\"og:locale\" content=\"fr_FR\" \/>\n<meta property=\"og:type\" content=\"article\" \/>\n<meta property=\"og:title\" content=\"D\u00e9m\u00e9nagement &amp; Racisme - Bring4You\" \/>\n<meta property=\"og:description\" content=\"Eh oui, dans le cadre du d\u00e9m\u00e9nagement, on peut aussi rencontrer des gens bizarres\u2026 Le monde cosmopolite et je pr\u00e9f\u00e8re, pour cet article, dire \u00ab multicolore \u00bb dans lequel nous vivons semble encore poser des probl\u00e8mes \u00e0 certains clients. Sachez que la profession de d\u00e9m\u00e9nageur n\u2019a pas de fronti\u00e8re, dans le sens propre comme dans [&hellip;]\" \/>\n<meta property=\"og:url\" content=\"https:\/\/bring4you.com\/blog\/2024\/07\/02\/demenagement-racisme\/\" \/>\n<meta property=\"og:site_name\" content=\"Bring4You\" \/>\n<meta property=\"article:publisher\" content=\"https:\/\/www.facebook.com\/ibring4you\" \/>\n<meta property=\"article:published_time\" content=\"2024-07-02T09:33:08+00:00\" \/>\n<meta property=\"article:modified_time\" content=\"2026-01-29T11:57:26+00:00\" \/>\n<meta name=\"author\" content=\"Pierre\" \/>\n<meta name=\"twitter:card\" content=\"summary_large_image\" \/>\n<meta name=\"twitter:label1\" content=\"\u00c9crit par\" \/>\n\t<meta name=\"twitter:data1\" content=\"Pierre\" \/>\n\t<meta name=\"twitter:label2\" content=\"Dur\u00e9e de lecture estim\u00e9e\" \/>\n\t<meta name=\"twitter:data2\" content=\"1 minute\" \/>\n<script type=\"application\/ld+json\" class=\"yoast-schema-graph\">{\"@context\":\"https:\/\/schema.org\",\"@graph\":[{\"@type\":\"Article\",\"@id\":\"https:\/\/bring4you.com\/blog\/2024\/07\/02\/demenagement-racisme\/#article\",\"isPartOf\":{\"@id\":\"https:\/\/bring4you.com\/blog\/2024\/07\/02\/demenagement-racisme\/\"},\"author\":{\"name\":\"Pierre\",\"@id\":\"https:\/\/bring4you.com\/blog\/#\/schema\/person\/9525d65d3a46138e4b1cc59257ff430c\"},\"headline\":\"D\u00e9m\u00e9nagement &#038; Racisme\",\"datePublished\":\"2024-07-02T09:33:08+00:00\",\"dateModified\":\"2026-01-29T11:57:26+00:00\",\"mainEntityOfPage\":{\"@id\":\"https:\/\/bring4you.com\/blog\/2024\/07\/02\/demenagement-racisme\/\"},\"wordCount\":190,\"commentCount\":0,\"publisher\":{\"@id\":\"https:\/\/bring4you.com\/blog\/#organization\"},\"articleSection\":[\"Conseils\"],\"inLanguage\":\"fr-FR\",\"potentialAction\":[{\"@type\":\"CommentAction\",\"name\":\"Comment\",\"target\":[\"https:\/\/bring4you.com\/blog\/2024\/07\/02\/demenagement-racisme\/#respond\"]}]},{\"@type\":\"WebPage\",\"@id\":\"https:\/\/bring4you.com\/blog\/2024\/07\/02\/demenagement-racisme\/\",\"url\":\"https:\/\/bring4you.com\/blog\/2024\/07\/02\/demenagement-racisme\/\",\"name\":\"D\u00e9m\u00e9nagement & Racisme - Bring4You\",\"isPartOf\":{\"@id\":\"https:\/\/bring4you.com\/blog\/#website\"},\"datePublished\":\"2024-07-02T09:33:08+00:00\",\"dateModified\":\"2026-01-29T11:57:26+00:00\",\"breadcrumb\":{\"@id\":\"https:\/\/bring4you.com\/blog\/2024\/07\/02\/demenagement-racisme\/#breadcrumb\"},\"inLanguage\":\"fr-FR\",\"potentialAction\":[{\"@type\":\"ReadAction\",\"target\":[\"https:\/\/bring4you.com\/blog\/2024\/07\/02\/demenagement-racisme\/\"]}]},{\"@type\":\"BreadcrumbList\",\"@id\":\"https:\/\/bring4you.com\/blog\/2024\/07\/02\/demenagement-racisme\/#breadcrumb\",\"itemListElement\":[{\"@type\":\"ListItem\",\"position\":1,\"name\":\"Accueil\",\"item\":\"https:\/\/bring4you.com\/blog\/\"},{\"@type\":\"ListItem\",\"position\":2,\"name\":\"D\u00e9m\u00e9nagement &#038; Racisme\"}]},{\"@type\":\"WebSite\",\"@id\":\"https:\/\/bring4you.com\/blog\/#website\",\"url\":\"https:\/\/bring4you.com\/blog\/\",\"name\":\"Bring4You\",\"description\":\"D\u00e9m\u00e9nagement\",\"publisher\":{\"@id\":\"https:\/\/bring4you.com\/blog\/#organization\"},\"potentialAction\":[{\"@type\":\"SearchAction\",\"target\":{\"@type\":\"EntryPoint\",\"urlTemplate\":\"https:\/\/bring4you.com\/blog\/?s={search_term_string}\"},\"query-input\":{\"@type\":\"PropertyValueSpecification\",\"valueRequired\":true,\"valueName\":\"search_term_string\"}}],\"inLanguage\":\"fr-FR\"},{\"@type\":\"Organization\",\"@id\":\"https:\/\/bring4you.com\/blog\/#organization\",\"name\":\"Bring4You\",\"alternateName\":\"D\u00e9m\u00e9nageur France et international\",\"url\":\"https:\/\/bring4you.com\/blog\/\",\"logo\":{\"@type\":\"ImageObject\",\"inLanguage\":\"fr-FR\",\"@id\":\"https:\/\/bring4you.com\/blog\/#\/schema\/logo\/image\/\",\"url\":\"https:\/\/bring4you.com\/blog\/wp-content\/uploads\/2024\/11\/logo-blanc.svg\",\"contentUrl\":\"https:\/\/bring4you.com\/blog\/wp-content\/uploads\/2024\/11\/logo-blanc.svg\",\"width\":190,\"height\":36,\"caption\":\"Bring4You\"},\"image\":{\"@id\":\"https:\/\/bring4you.com\/blog\/#\/schema\/logo\/image\/\"},\"sameAs\":[\"https:\/\/www.facebook.com\/ibring4you\"]},{\"@type\":\"Person\",\"@id\":\"https:\/\/bring4you.com\/blog\/#\/schema\/person\/9525d65d3a46138e4b1cc59257ff430c\",\"name\":\"Pierre\",\"image\":{\"@type\":\"ImageObject\",\"inLanguage\":\"fr-FR\",\"@id\":\"https:\/\/bring4you.com\/blog\/#\/schema\/person\/image\/\",\"url\":\"https:\/\/secure.gravatar.com\/avatar\/4b213025fcf4e575b3d8c5e983cc41bbfc71c798554b2d784f45f8c989d3c2d8?s=96&d=mm&r=g\",\"contentUrl\":\"https:\/\/secure.gravatar.com\/avatar\/4b213025fcf4e575b3d8c5e983cc41bbfc71c798554b2d784f45f8c989d3c2d8?s=96&d=mm&r=g\",\"caption\":\"Pierre\"},\"description\":\"Pierre Mayeul, le virtuose des mots et r\u00e9dacteur en chef du blog de Bring4You, transforme chaque sujet en un article captivant. Toujours \u00e0 l'aff\u00fbt des derni\u00e8res tendances, il met sa plume au service de vos projets de d\u00e9m\u00e9nagement. Quand il ne r\u00e9dige pas, Pierre aime explorer de nouveaux horizons, tester de nouvelles id\u00e9es, et bien s\u00fbr, pr\u00e9parer son prochain article avec une tasse de caf\u00e9 \u00e0 la main.\"}]}<\/script>\n<!-- \/ Yoast SEO plugin. -->","yoast_head_json":{"title":"D\u00e9m\u00e9nagement & Racisme - Bring4You","robots":{"index":"index","follow":"follow","max-snippet":"max-snippet:-1","max-image-preview":"max-image-preview:large","max-video-preview":"max-video-preview:-1"},"canonical":"https:\/\/bring4you.com\/blog\/2024\/07\/02\/demenagement-racisme\/","og_locale":"fr_FR","og_type":"article","og_title":"D\u00e9m\u00e9nagement & Racisme - Bring4You","og_description":"Eh oui, dans le cadre du d\u00e9m\u00e9nagement, on peut aussi rencontrer des gens bizarres\u2026 Le monde cosmopolite et je pr\u00e9f\u00e8re, pour cet article, dire \u00ab multicolore \u00bb dans lequel nous vivons semble encore poser des probl\u00e8mes \u00e0 certains clients. Sachez que la profession de d\u00e9m\u00e9nageur n\u2019a pas de fronti\u00e8re, dans le sens propre comme dans [&hellip;]","og_url":"https:\/\/bring4you.com\/blog\/2024\/07\/02\/demenagement-racisme\/","og_site_name":"Bring4You","article_publisher":"https:\/\/www.facebook.com\/ibring4you","article_published_time":"2024-07-02T09:33:08+00:00","article_modified_time":"2026-01-29T11:57:26+00:00","author":"Pierre","twitter_card":"summary_large_image","twitter_misc":{"\u00c9crit par":"Pierre","Dur\u00e9e de lecture estim\u00e9e":"1 minute"},"schema":{"@context":"https:\/\/schema.org","@graph":[{"@type":"Article","@id":"https:\/\/bring4you.com\/blog\/2024\/07\/02\/demenagement-racisme\/#article","isPartOf":{"@id":"https:\/\/bring4you.com\/blog\/2024\/07\/02\/demenagement-racisme\/"},"author":{"name":"Pierre","@id":"https:\/\/bring4you.com\/blog\/#\/schema\/person\/9525d65d3a46138e4b1cc59257ff430c"},"headline":"D\u00e9m\u00e9nagement &#038; Racisme","datePublished":"2024-07-02T09:33:08+00:00","dateModified":"2026-01-29T11:57:26+00:00","mainEntityOfPage":{"@id":"https:\/\/bring4you.com\/blog\/2024\/07\/02\/demenagement-racisme\/"},"wordCount":190,"commentCount":0,"publisher":{"@id":"https:\/\/bring4you.com\/blog\/#organization"},"articleSection":["Conseils"],"inLanguage":"fr-FR","potentialAction":[{"@type":"CommentAction","name":"Comment","target":["https:\/\/bring4you.com\/blog\/2024\/07\/02\/demenagement-racisme\/#respond"]}]},{"@type":"WebPage","@id":"https:\/\/bring4you.com\/blog\/2024\/07\/02\/demenagement-racisme\/","url":"https:\/\/bring4you.com\/blog\/2024\/07\/02\/demenagement-racisme\/","name":"D\u00e9m\u00e9nagement & Racisme - Bring4You","isPartOf":{"@id":"https:\/\/bring4you.com\/blog\/#website"},"datePublished":"2024-07-02T09:33:08+00:00","dateModified":"2026-01-29T11:57:26+00:00","breadcrumb":{"@id":"https:\/\/bring4you.com\/blog\/2024\/07\/02\/demenagement-racisme\/#breadcrumb"},"inLanguage":"fr-FR","potentialAction":[{"@type":"ReadAction","target":["https:\/\/bring4you.com\/blog\/2024\/07\/02\/demenagement-racisme\/"]}]},{"@type":"BreadcrumbList","@id":"https:\/\/bring4you.com\/blog\/2024\/07\/02\/demenagement-racisme\/#breadcrumb","itemListElement":[{"@type":"ListItem","position":1,"name":"Accueil","item":"https:\/\/bring4you.com\/blog\/"},{"@type":"ListItem","position":2,"name":"D\u00e9m\u00e9nagement &#038; Racisme"}]},{"@type":"WebSite","@id":"https:\/\/bring4you.com\/blog\/#website","url":"https:\/\/bring4you.com\/blog\/","name":"Bring4You","description":"D\u00e9m\u00e9nagement","publisher":{"@id":"https:\/\/bring4you.com\/blog\/#organization"},"potentialAction":[{"@type":"SearchAction","target":{"@type":"EntryPoint","urlTemplate":"https:\/\/bring4you.com\/blog\/?s={search_term_string}"},"query-input":{"@type":"PropertyValueSpecification","valueRequired":true,"valueName":"search_term_string"}}],"inLanguage":"fr-FR"},{"@type":"Organization","@id":"https:\/\/bring4you.com\/blog\/#organization","name":"Bring4You","alternateName":"D\u00e9m\u00e9nageur France et international","url":"https:\/\/bring4you.com\/blog\/","logo":{"@type":"ImageObject","inLanguage":"fr-FR","@id":"https:\/\/bring4you.com\/blog\/#\/schema\/logo\/image\/","url":"https:\/\/bring4you.com\/blog\/wp-content\/uploads\/2024\/11\/logo-blanc.svg","contentUrl":"https:\/\/bring4you.com\/blog\/wp-content\/uploads\/2024\/11\/logo-blanc.svg","width":190,"height":36,"caption":"Bring4You"},"image":{"@id":"https:\/\/bring4you.com\/blog\/#\/schema\/logo\/image\/"},"sameAs":["https:\/\/www.facebook.com\/ibring4you"]},{"@type":"Person","@id":"https:\/\/bring4you.com\/blog\/#\/schema\/person\/9525d65d3a46138e4b1cc59257ff430c","name":"Pierre","image":{"@type":"ImageObject","inLanguage":"fr-FR","@id":"https:\/\/bring4you.com\/blog\/#\/schema\/person\/image\/","url":"https:\/\/secure.gravatar.com\/avatar\/4b213025fcf4e575b3d8c5e983cc41bbfc71c798554b2d784f45f8c989d3c2d8?s=96&d=mm&r=g","contentUrl":"https:\/\/secure.gravatar.com\/avatar\/4b213025fcf4e575b3d8c5e983cc41bbfc71c798554b2d784f45f8c989d3c2d8?s=96&d=mm&r=g","caption":"Pierre"},"description":"Pierre Mayeul, le virtuose des mots et r\u00e9dacteur en chef du blog de Bring4You, transforme chaque sujet en un article captivant. Toujours \u00e0 l'aff\u00fbt des derni\u00e8res tendances, il met sa plume au service de vos projets de d\u00e9m\u00e9nagement. Quand il ne r\u00e9dige pas, Pierre aime explorer de nouveaux horizons, tester de nouvelles id\u00e9es, et bien s\u00fbr, pr\u00e9parer son prochain article avec une tasse de caf\u00e9 \u00e0 la main."}]}},"_links":{"self":[{"href":"https:\/\/bring4you.com\/blog\/wp-json\/wp\/v2\/posts\/1156","targetHints":{"allow":["GET"]}}],"collection":[{"href":"https:\/\/bring4you.com\/blog\/wp-json\/wp\/v2\/posts"}],"about":[{"href":"https:\/\/bring4you.com\/blog\/wp-json\/wp\/v2\/types\/post"}],"author":[{"embeddable":true,"href":"https:\/\/bring4you.com\/blog\/wp-json\/wp\/v2\/users\/3"}],"replies":[{"embeddable":true,"href":"https:\/\/bring4you.com\/blog\/wp-json\/wp\/v2\/comments?post=1156"}],"version-history":[{"count":1,"href":"https:\/\/bring4you.com\/blog\/wp-json\/wp\/v2\/posts\/1156\/revisions"}],"predecessor-version":[{"id":3670,"href":"https:\/\/bring4you.com\/blog\/wp-json\/wp\/v2\/posts\/1156\/revisions\/3670"}],"wp:attachment":[{"href":"https:\/\/bring4you.com\/blog\/wp-json\/wp\/v2\/media?parent=1156"}],"wp:term":[{"taxonomy":"category","embeddable":true,"href":"https:\/\/bring4you.com\/blog\/wp-json\/wp\/v2\/categories?post=1156"},{"taxonomy":"post_tag","embeddable":true,"href":"https:\/\/bring4you.com\/blog\/wp-json\/wp\/v2\/tags?post=1156"}],"curies":[{"name":"wp","href":"https:\/\/api.w.org\/{rel}","templated":true}]}}